{"id":1101,"date":"2015-04-06T13:34:01","date_gmt":"2015-04-06T11:34:01","guid":{"rendered":"http:\/\/jesenik.casd.cz\/?p=1101"},"modified":"2015-04-06T13:34:01","modified_gmt":"2015-04-06T11:34:01","slug":"navsteva","status":"publish","type":"post","link":"https:\/\/jesenik.casd.cz\/?p=1101","title":{"rendered":"N\u00e1v\u0161t\u011bva"},"content":{"rendered":"<p>V b\u0159eznu 2015 n\u00e1s nav\u0161t\u00edvil b\u00fdval\u00fd jesenick\u00fd kazatel Vlast\u00edk F\u00fcrst s man\u017eelkou. Fotky jsou ze spole\u010dn\u00e9ho sobotn\u00edho odpoledne.<\/p>\n<p><img loading=\"lazy\" decoding=\"async\" class=\"alignnone size-medium wp-image-1103\" src=\"http:\/\/jesenik.casd.cz\/wp-content\/uploads\/2015\/04\/IMG_8842-300x225.jpg\" alt=\"IMG_8842\" width=\"300\" height=\"225\" srcset=\"https:\/\/jesenik.casd.cz\/wp-content\/uploads\/2015\/04\/IMG_8842-300x225.jpg 300w, https:\/\/jesenik.casd.cz\/wp-content\/uploads\/2015\/04\/IMG_8842-1024x768.jpg 1024w\" sizes=\"auto, (max-width: 300px) 100vw, 300px\" \/> <img loading=\"lazy\" decoding=\"async\" class=\"alignnone size-medium wp-image-1105\" src=\"http:\/\/jesenik.casd.cz\/wp-content\/uploads\/2015\/04\/IMG_8844-300x225.jpg\" alt=\"IMG_8844\" width=\"300\" height=\"225\" srcset=\"https:\/\/jesenik.casd.cz\/wp-content\/uploads\/2015\/04\/IMG_8844-300x225.jpg 300w, https:\/\/jesenik.casd.cz\/wp-content\/uploads\/2015\/04\/IMG_8844-1024x768.jpg 1024w\" sizes=\"auto, (max-width: 300px) 100vw, 300px\" \/><img loading=\"lazy\" decoding=\"async\" class=\"alignnone size-medium wp-image-1104\" src=\"http:\/\/jesenik.casd.cz\/wp-content\/uploads\/2015\/04\/IMG_8843-300x225.jpg\" alt=\"IMG_8843\" width=\"300\" height=\"225\" srcset=\"https:\/\/jesenik.casd.cz\/wp-content\/uploads\/2015\/04\/IMG_8843-300x225.jpg 300w, https:\/\/jesenik.casd.cz\/wp-content\/uploads\/2015\/04\/IMG_8843-1024x768.jpg 1024w\" sizes=\"auto, (max-width: 300px) 100vw, 300px\" \/> <img loading=\"lazy\" decoding=\"async\" class=\"alignnone size-medium wp-image-1102\" src=\"http:\/\/jesenik.casd.cz\/wp-content\/uploads\/2015\/04\/IMG_8840-300x225.jpg\" alt=\"IMG_8840\" width=\"300\" height=\"225\" srcset=\"https:\/\/jesenik.casd.cz\/wp-content\/uploads\/2015\/04\/IMG_8840-300x225.jpg 300w, https:\/\/jesenik.casd.cz\/wp-content\/uploads\/2015\/04\/IMG_8840-1024x768.jpg 1024w\" sizes=\"auto, (max-width: 300px) 100vw, 300px\" \/> \u00a0<img loading=\"lazy\" decoding=\"async\" class=\"alignnone  wp-image-1108\" src=\"http:\/\/jesenik.casd.cz\/wp-content\/uploads\/2015\/04\/IMG_8851-300x225.jpg\" alt=\"IMG_8851\" width=\"604\" height=\"453\" srcset=\"https:\/\/jesenik.casd.cz\/wp-content\/uploads\/2015\/04\/IMG_8851-300x225.jpg 300w, https:\/\/jesenik.casd.cz\/wp-content\/uploads\/2015\/04\/IMG_8851-1024x768.jpg 1024w\" sizes=\"auto, (max-width: 604px) 100vw, 604px\" \/> <img loading=\"lazy\" decoding=\"async\" class=\"alignnone  wp-image-1107\" src=\"http:\/\/jesenik.casd.cz\/wp-content\/uploads\/2015\/04\/IMG_8849-225x300.jpg\" alt=\"IMG_8849\" width=\"300\" height=\"400\" srcset=\"https:\/\/jesenik.casd.cz\/wp-content\/uploads\/2015\/04\/IMG_8849-225x300.jpg 225w, https:\/\/jesenik.casd.cz\/wp-content\/uploads\/2015\/04\/IMG_8849-768x1024.jpg 768w, https:\/\/jesenik.casd.cz\/wp-content\/uploads\/2015\/04\/IMG_8849.jpg 1944w\" sizes=\"auto, (max-width: 300px) 100vw, 300px\" \/> <img loading=\"lazy\" decoding=\"async\" class=\"alignnone  wp-image-1106\" src=\"http:\/\/jesenik.casd.cz\/wp-content\/uploads\/2015\/04\/IMG_8845-225x300.jpg\" alt=\"IMG_8845\" width=\"301\" height=\"401\" srcset=\"https:\/\/jesenik.casd.cz\/wp-content\/uploads\/2015\/04\/IMG_8845-225x300.jpg 225w, https:\/\/jesenik.casd.cz\/wp-content\/uploads\/2015\/04\/IMG_8845-768x1024.jpg 768w, https:\/\/jesenik.casd.cz\/wp-content\/uploads\/2015\/04\/IMG_8845.jpg 1944w\" sizes=\"auto, (max-width: 301px) 100vw, 301px\" \/><\/p>\n","protected":false},"excerpt":{"rendered":"<p>V b\u0159eznu 2015 n\u00e1s nav\u0161t\u00edvil b\u00fdval\u00fd jesenick\u00fd kazatel Vlast\u00edk F\u00fcrst s man\u017eelkou. Fotky jsou ze spole\u010dn\u00e9ho sobotn\u00edho odpoledne. \u00a0<\/p>\n","protected":false},"author":1,"featured_media":1103,"comment_status":"open","ping_status":"open","sticky":false,"template":"","format":"standard","meta":{"ngg_post_thumbnail":0,"footnotes":""},"categories":[12],"tags":[],"class_list":["post-1101","post","type-post","status-publish","format-standard","has-post-thumbnail","hentry","category-fotogalerie"],"_links":{"self":[{"href":"https:\/\/jesenik.casd.cz\/index.php?rest_route=\/wp\/v2\/posts\/1101","targetHints":{"allow":["GET"]}}],"collection":[{"href":"https:\/\/jesenik.casd.cz\/index.php?rest_route=\/wp\/v2\/posts"}],"about":[{"href":"https:\/\/jesenik.casd.cz\/index.php?rest_route=\/wp\/v2\/types\/post"}],"author":[{"embeddable":true,"href":"https:\/\/jesenik.casd.cz\/index.php?rest_route=\/wp\/v2\/users\/1"}],"replies":[{"embeddable":true,"href":"https:\/\/jesenik.casd.cz\/index.php?rest_route=%2Fwp%2Fv2%2Fcomments&post=1101"}],"version-history":[{"count":1,"href":"https:\/\/jesenik.casd.cz\/index.php?rest_route=\/wp\/v2\/posts\/1101\/revisions"}],"predecessor-version":[{"id":1109,"href":"https:\/\/jesenik.casd.cz\/index.php?rest_route=\/wp\/v2\/posts\/1101\/revisions\/1109"}],"wp:featuredmedia":[{"embeddable":true,"href":"https:\/\/jesenik.casd.cz\/index.php?rest_route=\/wp\/v2\/media\/1103"}],"wp:attachment":[{"href":"https:\/\/jesenik.casd.cz\/index.php?rest_route=%2Fwp%2Fv2%2Fmedia&parent=1101"}],"wp:term":[{"taxonomy":"category","embeddable":true,"href":"https:\/\/jesenik.casd.cz\/index.php?rest_route=%2Fwp%2Fv2%2Fcategories&post=1101"},{"taxonomy":"post_tag","embeddable":true,"href":"https:\/\/jesenik.casd.cz\/index.php?rest_route=%2Fwp%2Fv2%2Ftags&post=1101"}],"curies":[{"name":"wp","href":"https:\/\/api.w.org\/{rel}","templated":true}]}}