{"id":1171,"date":"2015-07-07T08:37:11","date_gmt":"2015-07-07T06:37:11","guid":{"rendered":"http:\/\/jesenik.casd.cz\/?p=1171"},"modified":"2015-09-28T14:18:03","modified_gmt":"2015-09-28T12:18:03","slug":"mistr-jan-hus","status":"publish","type":"post","link":"https:\/\/jesenik.casd.cz\/?p=1171","title":{"rendered":"Mistr Jan Hus"},"content":{"rendered":"<p style=\"text-align: justify;\">Mistr Jan Hus, slavn\u00e1 osobnost \u010desk\u00fdch d\u011bjin,\u00a0st\u0159edov\u011bk\u00fd myslitel, kn\u011bz a vysoko\u0161kolsk\u00fd pedagog, kter\u00fd v\u00fdznamn\u011b ovlivnil d\u011bjiny Evropy, a vlastn\u011b cel\u00e9ho sv\u011bta.<\/p>\n<p>Kdy\u017e b\u00fdv\u00e1m v cizin\u011b a pov\u00edd\u00e1m si s druh\u00fdmi o na\u0161\u00ed zemi, b\u00fdvaj\u00ed lid\u00e9 p\u0159ekvapen\u00ed, \u017ee takov\u00ed velik\u00e1ni jako Jan \u00c1mos Komensk\u00fd a Mistr Jan Hus, kter\u00e9 mnoz\u00ed dob\u0159e znaj\u00ed, pat\u0159\u00ed k na\u0161\u00ed vlasti.<\/p>\n<p style=\"text-align: justify;\">Od roku 1920 je na prezidentsk\u00e9 vlajce Husova slova &#8222;Pravda v\u00edt\u011bz\u00ed&#8220;, kter\u00e1 napsal Mistr Jan Hus jako odkaz z kostnick\u00e9ho v\u011bzen\u00ed Pra\u017esk\u00e9 univerzit\u011b: &#8222;St\u016fjte v poznan\u00e9 pravd\u011b, kter\u00e1 v\u00edt\u011bz\u00ed nade v\u0161\u00edm a s\u00edlu m\u00e1 a\u017e na v\u011bky.&#8220; Jsou tato slova heslem, kter\u00e9 ovliv\u0148uje n\u00e1\u0161 n\u00e1rod i dnes?<\/p>\n<p style=\"text-align: justify;\"><em>&#8222;Prvn\u00ed prezident \u010ceskoslovensk\u00e9 republiky Tom\u00e1\u0161 Garrigue Masaryk napsal ve sv\u00e9 \u00favaze \u201eNa\u0161e obrozen\u00ed a na\u0161e reformace\u201c ze dne 6.7.1895: \u201eJsme n\u00e1rod Hus\u016fv a r\u00e1di se tak zoveme \u2013 av\u0161ak jsme t\u00edm n\u00e1rodem Husov\u00fdm doopravdy a ve skute\u010dnosti? Nejsme. Je\u0161t\u011b nejsme. V na\u0161em n\u00e1rodn\u00edm usilov\u00e1n\u00ed je velik\u00fd nedostatek vnit\u0159n\u00edho \u017eivota, \u017eivota duchovn\u00edho, projevuje se lhostejnost k posledn\u00edm pravd\u00e1m \u017eivotn\u00edm, lhostejnost k posledn\u00edm c\u00edl\u016fm \u010dlov\u011bka.\u201c <\/em>(St. Kaczmarczyk, bro\u017eura BTM Mistr Jan Hus)<\/p>\n<p style=\"text-align: justify;\">Na p\u0159\u00edkladu Jana Husa vid\u00edme, jak jeden jedin\u00fd \u010dlov\u011bk m\u016f\u017ee ovlivnit d\u011bjiny cel\u00e9ho n\u00e1roda, a v podstat\u011b i d\u011bjiny sv\u011bta. Nenechme tedy n\u00e1\u0161 vlastn\u00ed \u017eivot jen tak proplouvat mezi prsty. I my sami m\u016f\u017eeme mnoh\u00e9 v\u011bci ovlivnit&#8230;.\u00a0Ka\u017edoro\u010dn\u011b m\u00e1me 6. \u010dervence st\u00e1tn\u00ed sv\u00e1tek, skv\u011bl\u00fd \u010das volna a odpo\u010dinku, ale tak\u00e9 \u010das pro pozn\u00e1v\u00e1n\u00ed a zamy\u0161len\u00ed.<\/p>\n<p style=\"text-align: justify;\">Pokud byste si p\u0159\u00e1li vlastnit bro\u017euru Mistr Jan Hus, v\u011brn\u00fd a\u017e do smrti napsanou podle knihy Velk\u00e9 drama v\u011bk\u016f, m\u016f\u017eete o ni po\u017e\u00e1dat v jesenick\u00e9m Infocentru.<\/p>\n<p style=\"text-align: justify;\"><img loading=\"lazy\" decoding=\"async\" class=\"alignnone  wp-image-1172\" src=\"http:\/\/jesenik.casd.cz\/wp-content\/uploads\/2015\/07\/P1050932.jpg\" alt=\"P1050932\" width=\"277\" height=\"208\" srcset=\"https:\/\/jesenik.casd.cz\/wp-content\/uploads\/2015\/07\/P1050932.jpg 726w, https:\/\/jesenik.casd.cz\/wp-content\/uploads\/2015\/07\/P1050932-300x225.jpg 300w\" sizes=\"auto, (max-width: 277px) 100vw, 277px\" \/><\/p>\n","protected":false},"excerpt":{"rendered":"<p>Mistr Jan Hus, slavn\u00e1 osobnost \u010desk\u00fdch d\u011bjin,\u00a0st\u0159edov\u011bk\u00fd myslitel, kn\u011bz a vysoko\u0161kolsk\u00fd pedagog, kter\u00fd v\u00fdznamn\u011b ovlivnil d\u011bjiny Evropy, a vlastn\u011b cel\u00e9ho sv\u011bta. Kdy\u017e b\u00fdv\u00e1m v cizin\u011b a pov\u00edd\u00e1m si s druh\u00fdmi o na\u0161\u00ed zemi, b\u00fdvaj\u00ed lid\u00e9 p\u0159ekvapen\u00ed, \u017ee takov\u00ed velik\u00e1ni jako &hellip; <a href=\"https:\/\/jesenik.casd.cz\/?p=1171\">Cel\u00fd p\u0159\u00edsp\u011bvek <span class=\"meta-nav\">&rarr;<\/span><\/a><\/p>\n","protected":false},"author":1,"featured_media":1172,"comment_status":"open","ping_status":"open","sticky":false,"template":"","format":"standard","meta":{"ngg_post_thumbnail":0,"footnotes":""},"categories":[1],"tags":[],"class_list":["post-1171","post","type-post","status-publish","format-standard","has-post-thumbnail","hentry","category-nezarazene"],"_links":{"self":[{"href":"https:\/\/jesenik.casd.cz\/index.php?rest_route=\/wp\/v2\/posts\/1171","targetHints":{"allow":["GET"]}}],"collection":[{"href":"https:\/\/jesenik.casd.cz\/index.php?rest_route=\/wp\/v2\/posts"}],"about":[{"href":"https:\/\/jesenik.casd.cz\/index.php?rest_route=\/wp\/v2\/types\/post"}],"author":[{"embeddable":true,"href":"https:\/\/jesenik.casd.cz\/index.php?rest_route=\/wp\/v2\/users\/1"}],"replies":[{"embeddable":true,"href":"https:\/\/jesenik.casd.cz\/index.php?rest_route=%2Fwp%2Fv2%2Fcomments&post=1171"}],"version-history":[{"count":4,"href":"https:\/\/jesenik.casd.cz\/index.php?rest_route=\/wp\/v2\/posts\/1171\/revisions"}],"predecessor-version":[{"id":1176,"href":"https:\/\/jesenik.casd.cz\/index.php?rest_route=\/wp\/v2\/posts\/1171\/revisions\/1176"}],"wp:featuredmedia":[{"embeddable":true,"href":"https:\/\/jesenik.casd.cz\/index.php?rest_route=\/wp\/v2\/media\/1172"}],"wp:attachment":[{"href":"https:\/\/jesenik.casd.cz\/index.php?rest_route=%2Fwp%2Fv2%2Fmedia&parent=1171"}],"wp:term":[{"taxonomy":"category","embeddable":true,"href":"https:\/\/jesenik.casd.cz\/index.php?rest_route=%2Fwp%2Fv2%2Fcategories&post=1171"},{"taxonomy":"post_tag","embeddable":true,"href":"https:\/\/jesenik.casd.cz\/index.php?rest_route=%2Fwp%2Fv2%2Ftags&post=1171"}],"curies":[{"name":"wp","href":"https:\/\/api.w.org\/{rel}","templated":true}]}}