{"id":1276,"date":"2015-10-28T14:31:29","date_gmt":"2015-10-28T13:31:29","guid":{"rendered":"http:\/\/jesenik.casd.cz\/?p=1276"},"modified":"2016-01-09T22:41:42","modified_gmt":"2016-01-09T21:41:42","slug":"zivot-nahoda-nebo-zamer-2","status":"publish","type":"post","link":"https:\/\/jesenik.casd.cz\/?p=1276","title":{"rendered":"\u017divot n\u00e1hoda nebo z\u00e1m\u011br?"},"content":{"rendered":"<p>Ve dnech od 19. do 25. \u0159\u00edjna 2015 mohli lid\u00e9 na jesenicku, javornicku a hanu\u0161ovicku nav\u0161t\u00edvit putovn\u00ed v\u00fdstavu s n\u00e1zvem &#8222;\u017divot n\u00e1hoda nebo z\u00e1m\u011br?&#8220;.<\/p>\n<p>Na v\u00fdstav\u011b byly velk\u00e9 plak\u00e1ty s informace o \u017eivot\u011b na Zemi z pohledu stvo\u0159en\u00ed, zkamen\u011bliny, na n\u011bkter\u00fdch m\u00edstech i koutek pro d\u011bti.<\/p>\n<p>V\u00fdstavou prov\u00e1d\u011bl n\u00e1v\u0161t\u011bvn\u00edky kazatel vset\u00ednsk\u00e9ho sboru bratr Pavel Koste\u010dka, kter\u00fd m\u00e1 krom\u011b teologick\u00e9ho vzd\u011bl\u00e1n\u00ed vystudovan\u00fd i obor Molekul\u00e1rn\u00ed biologie a genetika na Masarykov\u011b univerzit\u011b v Brn\u011b a v tomto oboru tak\u00e9 \u00fasp\u011b\u0161n\u011b pracoval a d\u00e1le se vzd\u011bl\u00e1val. Dok\u00e1\u017ee poutav\u011b pov\u00eddat o lidsk\u00e9 bu\u0148ce jako tov\u00e1rn\u011b, procesech v n\u00ed, DNA, v\u00fdvoji rostlin a \u017eivo\u010dich\u016f v r\u00e1mci jejich druh\u016f, o inteligentn\u00edm designu i dal\u0161\u00edch zaj\u00edmavostech.<\/p>\n<p>Mezi n\u00e1v\u0161t\u011bvn\u00edky byl z\u00e1jem i o sb\u00edrku zkamen\u011blin, mezi nimi\u017e byly expon\u00e1ty z Maroka a Al\u017e\u00edru, ale tak\u00e9 Ostravy a Such\u00e9ho vrchu u Brunt\u00e1lu. Kdo m\u011bl v\u00edce \u010dasu, mohl se pod\u00edvat i na \u010d\u00e1sti dokument\u00e1rn\u00edho filmu.<\/p>\n<p>Na z\u00e1v\u011br programu si mohli \u00fa\u010dastn\u00edci vyplnit kv\u00edz, kter\u00fd byl sestaven\u00fd z ot\u00e1zek, ne kter\u00e9 mohli \u00fa\u010dastn\u00edci naj\u00edt odpov\u011bdi v textu na jednotliv\u00fdch plak\u00e1tech na v\u00fdstav\u011b.<\/p>\n<p>Na fotografie z jednotliv\u00fdch dn\u016f se m\u016f\u017eete pod\u00edvat na:\u00a0<a href=\"http:\/\/hanusovice.casd.cz\/?p=2977\" target=\"_blank\">http:\/\/hanusovice.casd.cz\/?p=2977<\/a><\/p>\n<p>V Jesen\u00edku byla v\u00fdstava v p\u00e1tek 23. \u0159\u00edjna 2015 od 18.30 hodin a od 19 hodin p\u0159edn\u00e1\u0161ka s n\u00e1zvem &#8222;\u0158\u00e1d a ne\u0159\u00e1d v p\u0159\u00edrod\u011b&#8220;.<\/p>\n<p><img loading=\"lazy\" decoding=\"async\" class=\"alignnone  wp-image-1287\" src=\"http:\/\/jesenik.casd.cz\/wp-content\/uploads\/2015\/10\/Kopie-P1130848.jpg\" alt=\"Kopie - P1130848\" width=\"347\" height=\"260\" srcset=\"https:\/\/jesenik.casd.cz\/wp-content\/uploads\/2015\/10\/Kopie-P1130848.jpg 1024w, https:\/\/jesenik.casd.cz\/wp-content\/uploads\/2015\/10\/Kopie-P1130848-300x225.jpg 300w\" sizes=\"auto, (max-width: 347px) 100vw, 347px\" \/> <img loading=\"lazy\" decoding=\"async\" class=\"alignnone  wp-image-1288\" src=\"http:\/\/jesenik.casd.cz\/wp-content\/uploads\/2015\/10\/Kopie-P1130849.jpg\" alt=\"Kopie - P1130849\" width=\"348\" height=\"261\" srcset=\"https:\/\/jesenik.casd.cz\/wp-content\/uploads\/2015\/10\/Kopie-P1130849.jpg 1024w, https:\/\/jesenik.casd.cz\/wp-content\/uploads\/2015\/10\/Kopie-P1130849-300x225.jpg 300w\" sizes=\"auto, (max-width: 348px) 100vw, 348px\" \/><\/p>\n<p><img loading=\"lazy\" decoding=\"async\" class=\"alignnone size-full wp-image-1291\" src=\"http:\/\/jesenik.casd.cz\/wp-content\/uploads\/2015\/10\/Kopie-P1130853.jpg\" alt=\"Kopie - P1130853\" width=\"1024\" height=\"768\" srcset=\"https:\/\/jesenik.casd.cz\/wp-content\/uploads\/2015\/10\/Kopie-P1130853.jpg 1024w, https:\/\/jesenik.casd.cz\/wp-content\/uploads\/2015\/10\/Kopie-P1130853-300x225.jpg 300w\" sizes=\"auto, (max-width: 1024px) 100vw, 1024px\" \/><img loading=\"lazy\" decoding=\"async\" class=\"alignnone  wp-image-1289\" src=\"http:\/\/jesenik.casd.cz\/wp-content\/uploads\/2015\/10\/Kopie-P1130850.jpg\" alt=\"Kopie - P1130850\" width=\"351\" height=\"263\" srcset=\"https:\/\/jesenik.casd.cz\/wp-content\/uploads\/2015\/10\/Kopie-P1130850.jpg 1024w, https:\/\/jesenik.casd.cz\/wp-content\/uploads\/2015\/10\/Kopie-P1130850-300x225.jpg 300w\" sizes=\"auto, (max-width: 351px) 100vw, 351px\" \/> <img loading=\"lazy\" decoding=\"async\" class=\"alignnone  wp-image-1290\" src=\"http:\/\/jesenik.casd.cz\/wp-content\/uploads\/2015\/10\/Kopie-P1130852.jpg\" alt=\"Kopie - P1130852\" width=\"344\" height=\"258\" srcset=\"https:\/\/jesenik.casd.cz\/wp-content\/uploads\/2015\/10\/Kopie-P1130852.jpg 1024w, https:\/\/jesenik.casd.cz\/wp-content\/uploads\/2015\/10\/Kopie-P1130852-300x225.jpg 300w\" sizes=\"auto, (max-width: 344px) 100vw, 344px\" \/> \u00a0<img loading=\"lazy\" decoding=\"async\" class=\"alignnone  wp-image-1292\" src=\"http:\/\/jesenik.casd.cz\/wp-content\/uploads\/2015\/10\/Kopie-P1130854.jpg\" alt=\"Kopie - P1130854\" width=\"348\" height=\"261\" srcset=\"https:\/\/jesenik.casd.cz\/wp-content\/uploads\/2015\/10\/Kopie-P1130854.jpg 1024w, https:\/\/jesenik.casd.cz\/wp-content\/uploads\/2015\/10\/Kopie-P1130854-300x225.jpg 300w\" sizes=\"auto, (max-width: 348px) 100vw, 348px\" \/> <img loading=\"lazy\" decoding=\"async\" class=\"alignnone  wp-image-1293\" src=\"http:\/\/jesenik.casd.cz\/wp-content\/uploads\/2015\/10\/Kopie-2-P1130855.jpg\" alt=\"Kopie (2) - P1130855\" width=\"341\" height=\"256\" srcset=\"https:\/\/jesenik.casd.cz\/wp-content\/uploads\/2015\/10\/Kopie-2-P1130855.jpg 1024w, https:\/\/jesenik.casd.cz\/wp-content\/uploads\/2015\/10\/Kopie-2-P1130855-300x225.jpg 300w\" sizes=\"auto, (max-width: 341px) 100vw, 341px\" \/> <img loading=\"lazy\" decoding=\"async\" class=\"alignnone size-full wp-image-1294\" src=\"http:\/\/jesenik.casd.cz\/wp-content\/uploads\/2015\/10\/Kopie-2-P1130851.jpg\" alt=\"Kopie (2) - P1130851\" width=\"1024\" height=\"768\" srcset=\"https:\/\/jesenik.casd.cz\/wp-content\/uploads\/2015\/10\/Kopie-2-P1130851.jpg 1024w, https:\/\/jesenik.casd.cz\/wp-content\/uploads\/2015\/10\/Kopie-2-P1130851-300x225.jpg 300w\" sizes=\"auto, (max-width: 1024px) 100vw, 1024px\" \/><\/p>\n<p>&nbsp;<\/p>\n<p><img loading=\"lazy\" decoding=\"async\" class=\"alignnone size-full wp-image-1272\" src=\"http:\/\/jesenik.casd.cz\/wp-content\/uploads\/2015\/10\/Jesen\u00edk.bmp\" alt=\"Jesen\u00edk\" width=\"1175\" height=\"774\" \/><\/p>\n<p>&nbsp;<\/p>\n<p>&nbsp;<\/p>\n","protected":false},"excerpt":{"rendered":"<p>Ve dnech od 19. do 25. \u0159\u00edjna 2015 mohli lid\u00e9 na jesenicku, javornicku a hanu\u0161ovicku nav\u0161t\u00edvit putovn\u00ed v\u00fdstavu s n\u00e1zvem &#8222;\u017divot n\u00e1hoda nebo z\u00e1m\u011br?&#8220;. Na v\u00fdstav\u011b byly velk\u00e9 plak\u00e1ty s informace o \u017eivot\u011b na Zemi z pohledu stvo\u0159en\u00ed, zkamen\u011bliny, na &hellip; <a href=\"https:\/\/jesenik.casd.cz\/?p=1276\">Cel\u00fd p\u0159\u00edsp\u011bvek <span class=\"meta-nav\">&rarr;<\/span><\/a><\/p>\n","protected":false},"author":1,"featured_media":1293,"comment_status":"open","ping_status":"open","sticky":false,"template":"","format":"standard","meta":{"ngg_post_thumbnail":0,"footnotes":""},"categories":[12,6,1],"tags":[],"class_list":["post-1276","post","type-post","status-publish","format-standard","has-post-thumbnail","hentry","category-fotogalerie","category-mladez","category-nezarazene"],"_links":{"self":[{"href":"https:\/\/jesenik.casd.cz\/index.php?rest_route=\/wp\/v2\/posts\/1276","targetHints":{"allow":["GET"]}}],"collection":[{"href":"https:\/\/jesenik.casd.cz\/index.php?rest_route=\/wp\/v2\/posts"}],"about":[{"href":"https:\/\/jesenik.casd.cz\/index.php?rest_route=\/wp\/v2\/types\/post"}],"author":[{"embeddable":true,"href":"https:\/\/jesenik.casd.cz\/index.php?rest_route=\/wp\/v2\/users\/1"}],"replies":[{"embeddable":true,"href":"https:\/\/jesenik.casd.cz\/index.php?rest_route=%2Fwp%2Fv2%2Fcomments&post=1276"}],"version-history":[{"count":3,"href":"https:\/\/jesenik.casd.cz\/index.php?rest_route=\/wp\/v2\/posts\/1276\/revisions"}],"predecessor-version":[{"id":1295,"href":"https:\/\/jesenik.casd.cz\/index.php?rest_route=\/wp\/v2\/posts\/1276\/revisions\/1295"}],"wp:featuredmedia":[{"embeddable":true,"href":"https:\/\/jesenik.casd.cz\/index.php?rest_route=\/wp\/v2\/media\/1293"}],"wp:attachment":[{"href":"https:\/\/jesenik.casd.cz\/index.php?rest_route=%2Fwp%2Fv2%2Fmedia&parent=1276"}],"wp:term":[{"taxonomy":"category","embeddable":true,"href":"https:\/\/jesenik.casd.cz\/index.php?rest_route=%2Fwp%2Fv2%2Fcategories&post=1276"},{"taxonomy":"post_tag","embeddable":true,"href":"https:\/\/jesenik.casd.cz\/index.php?rest_route=%2Fwp%2Fv2%2Ftags&post=1276"}],"curies":[{"name":"wp","href":"https:\/\/api.w.org\/{rel}","templated":true}]}}