{"id":1363,"date":"2015-12-02T20:03:59","date_gmt":"2015-12-02T19:03:59","guid":{"rendered":"http:\/\/jesenik.casd.cz\/?p=1363"},"modified":"2015-12-26T15:02:13","modified_gmt":"2015-12-26T14:02:13","slug":"cena-michala-veliska-2015-2","status":"publish","type":"post","link":"https:\/\/jesenik.casd.cz\/?p=1363","title":{"rendered":"Cena Michala Vel\u00ed\u0161ka 2015"},"content":{"rendered":"<h3 style=\"text-align: justify;\"><em>Ocen\u011bn\u00ed odvahy, slu\u0161nosti a\u00a0state\u010dnosti lid\u00ed kolem n\u00e1s<\/em><\/h3>\n<p style=\"text-align: justify;\"><em>\u201eSta\u010d\u00ed jedna vte\u0159ina a\u00a0zm\u011bn\u00ed se v\u00e1m cel\u00fd \u017eivot.\u00a0<\/em><em>Sta\u010d\u00ed jeden \u010dlov\u011bk na bl\u00edzku a\u00a0v\u0161e m\u016f\u017ee b\u00fdt jinak\u2026\u201c<\/em><\/p>\n<p style=\"text-align: justify;\">Ve st\u0159edu 2. prosince 2015 prob\u011bhlo slavnostn\u00ed vyhodnocen\u00ed ji\u017e 10. \u2013 \u00a0jubilejn\u00edho \u2013 ro\u010dn\u00edku ceny Michala Vel\u00ed\u0161ka, kterou spole\u010dn\u011b vyhla\u0161uje nadace ADRA a TV Nova na po\u010dest st\u0159iha\u010de Michala Vel\u00ed\u0161ka. \u00a0ADRA a TV Nova chce spole\u010dn\u011b ocenit ty, kte\u0159\u00ed nejsou lhostejn\u00ed k probl\u00e9m\u016fm druh\u00fdch a dok\u00e1\u017e\u00ed s odvahou pomoci a zachr\u00e1nit lidsk\u00e9 \u017eivoty.<\/p>\n<p style=\"text-align: justify;\">V leto\u0161n\u00edm roce z\u00edskal cenu, so\u0161ku sklen\u011bn\u00e9ho and\u011bla, pan Ji\u0159\u00ed Nes\u00e1zal, kter\u00fd\u00a0pomohl sv\u00e9mu kamar\u00e1dovi a dal\u0161\u00edm dv\u011bma mu\u017e\u016fm ut\u00e9ci do bezpe\u010d\u00ed p\u0159i \u00fatoku psychicky nemocn\u00e9ho \u010dlov\u011bka.<\/p>\n<p style=\"text-align: justify;\">Informace o vyhodnocen\u00ed najdete zde:\u00a0<a href=\"http:\/\/zpravy.aktualne.cz\/domaci\/cenu-michala-veliska-ziskal-muz-po-strelci-v-uherskem-brodu\/r~7f37f61098f911e58f750025900fea04\/\" target=\"_blank\">http:\/\/zpravy.aktualne.cz\/domaci\/cenu-michala-veliska-ziskal-muz-po-strelci-v-uherskem-brodu\/r~7f37f61098f911e58f750025900fea04\/<\/a><\/p>\n<p><a href=\"http:\/\/hanusovice.casd.cz\/wp-content\/uploads\/2015\/12\/Vel%C3%AD%C5%A1ek.jpg\"><img loading=\"lazy\" decoding=\"async\" class=\"alignnone size-full wp-image-3132\" src=\"http:\/\/hanusovice.casd.cz\/wp-content\/uploads\/2015\/12\/Vel%C3%AD%C5%A1ek.jpg\" alt=\"Vel\u00ed\u0161ek\" width=\"640\" height=\"212\" \/><\/a><\/p>\n","protected":false},"excerpt":{"rendered":"<p>Ocen\u011bn\u00ed odvahy, slu\u0161nosti a\u00a0state\u010dnosti lid\u00ed kolem n\u00e1s \u201eSta\u010d\u00ed jedna vte\u0159ina a\u00a0zm\u011bn\u00ed se v\u00e1m cel\u00fd \u017eivot.\u00a0Sta\u010d\u00ed jeden \u010dlov\u011bk na bl\u00edzku a\u00a0v\u0161e m\u016f\u017ee b\u00fdt jinak\u2026\u201c Ve st\u0159edu 2. prosince 2015 prob\u011bhlo slavnostn\u00ed vyhodnocen\u00ed ji\u017e 10. \u2013 \u00a0jubilejn\u00edho \u2013 ro\u010dn\u00edku ceny Michala Vel\u00ed\u0161ka, &hellip; <a href=\"https:\/\/jesenik.casd.cz\/?p=1363\">Cel\u00fd p\u0159\u00edsp\u011bvek <span class=\"meta-nav\">&rarr;<\/span><\/a><\/p>\n","protected":false},"author":1,"featured_media":1358,"comment_status":"open","ping_status":"open","sticky":false,"template":"","format":"standard","meta":{"ngg_post_thumbnail":0,"footnotes":""},"categories":[5,1],"tags":[],"class_list":["post-1363","post","type-post","status-publish","format-standard","has-post-thumbnail","hentry","category-adra","category-nezarazene"],"_links":{"self":[{"href":"https:\/\/jesenik.casd.cz\/index.php?rest_route=\/wp\/v2\/posts\/1363","targetHints":{"allow":["GET"]}}],"collection":[{"href":"https:\/\/jesenik.casd.cz\/index.php?rest_route=\/wp\/v2\/posts"}],"about":[{"href":"https:\/\/jesenik.casd.cz\/index.php?rest_route=\/wp\/v2\/types\/post"}],"author":[{"embeddable":true,"href":"https:\/\/jesenik.casd.cz\/index.php?rest_route=\/wp\/v2\/users\/1"}],"replies":[{"embeddable":true,"href":"https:\/\/jesenik.casd.cz\/index.php?rest_route=%2Fwp%2Fv2%2Fcomments&post=1363"}],"version-history":[{"count":1,"href":"https:\/\/jesenik.casd.cz\/index.php?rest_route=\/wp\/v2\/posts\/1363\/revisions"}],"predecessor-version":[{"id":1364,"href":"https:\/\/jesenik.casd.cz\/index.php?rest_route=\/wp\/v2\/posts\/1363\/revisions\/1364"}],"wp:featuredmedia":[{"embeddable":true,"href":"https:\/\/jesenik.casd.cz\/index.php?rest_route=\/wp\/v2\/media\/1358"}],"wp:attachment":[{"href":"https:\/\/jesenik.casd.cz\/index.php?rest_route=%2Fwp%2Fv2%2Fmedia&parent=1363"}],"wp:term":[{"taxonomy":"category","embeddable":true,"href":"https:\/\/jesenik.casd.cz\/index.php?rest_route=%2Fwp%2Fv2%2Fcategories&post=1363"},{"taxonomy":"post_tag","embeddable":true,"href":"https:\/\/jesenik.casd.cz\/index.php?rest_route=%2Fwp%2Fv2%2Ftags&post=1363"}],"curies":[{"name":"wp","href":"https:\/\/api.w.org\/{rel}","templated":true}]}}