{"id":1367,"date":"2015-12-23T19:38:16","date_gmt":"2015-12-23T18:38:16","guid":{"rendered":"http:\/\/jesenik.casd.cz\/?p=1367"},"modified":"2015-12-31T14:39:08","modified_gmt":"2015-12-31T13:39:08","slug":"do-syrie-nejen-za-pohadkou","status":"publish","type":"post","link":"https:\/\/jesenik.casd.cz\/?p=1367","title":{"rendered":"Do S\u00fdrie nejen za poh\u00e1dkou"},"content":{"rendered":"<p style=\"text-align: justify;\">Moc bychom si p\u0159\u00e1li, aby d\u011bti mohly pro\u017e\u00edt kr\u00e1sn\u00e9 chv\u00edle doma mezi sv\u00fdmi mil\u00fdmi &#8211; tam, kde se narodily, kde vyrostly, kde to znaj\u00ed a kde to maj\u00ed r\u00e1dy.<\/p>\n<p style=\"text-align: justify;\">Jen\u017ee jak v\u00edte, na n\u011bkter\u00fdch m\u00edstech na sv\u011bt\u011b je probl\u00e9m&#8230;. T\u0159eba S\u00fdrie.<\/p>\n<p style=\"text-align: justify;\"><span style=\"font-size: 13px;\">Tak\u00e9 na\u0161e ADRA \u010cR chce d\u011btem pomoci. Proto vydala CD s poh\u00e1dkami a \u0159\u00edkankami <strong>&#8222;Do S\u00fdrie nejen za poh\u00e1dkou&#8220;<\/strong> a pokud si toto CD koup\u00edte, p\u0159isp\u011bjete na n\u00e1kup u\u010debnic a \u0161koln\u00edch pom\u016fcek pro syrsk\u00e9 d\u011bti, kter\u00e9 musely se sv\u00fdmi rodi\u010di odej\u00edt do Libanonu kv\u016fli v\u00e1lce. A pro\u010d d\u011bti cht\u011bj\u00ed chodit do \u0161koly? Maj\u00ed sv\u00e9 sny. Cht\u011bj\u00ed se jednou st\u00e1t l\u00e9ka\u0159i, u\u010diteli a \u0159idi\u010di. V\u011b\u0159\u00edme, \u017ee a\u017e vyrostou budou moci b\u00fdt u\u017eite\u010dn\u00e9 ve sv\u00e9 vlastn\u00ed zemi, kam se vr\u00e1t\u00ed. \u00a0<a href=\"https:\/\/www.youtube.com\/watch?v=KYrpIaTNVtE\" target=\"_blank\">https:\/\/www.youtube.com\/watch?v=KYrpIaTNVtE<\/a><\/span><\/p>\n<p>Pod\u00edvejte se, jak se CD &#8222;Do S\u00fdrie nejen za poh\u00e1dkou&#8220; nahr\u00e1valo:\u00a0\u00a0<a href=\"https:\/\/www.youtube.com\/watch?v=_VSMXQFLQg0&amp;feature=youtu.be\" target=\"_blank\">https:\/\/www.youtube.com\/watch?v=_VSMXQFLQg0&amp;feature=youtu.be<\/a><\/p>\n<p>Dal\u0161\u00ed informace a mo\u017enost zakoupen\u00ed CD najdete na\u00a0<a href=\"http:\/\/www.adra.cz\/novinky\/id\/pojdte-s-nami-do-do-syrie-nejen-za-pohadkou\" target=\"_blank\">http:\/\/www.adra.cz\/novinky\/id\/pojdte-s-nami-do-do-syrie-nejen-za-pohadkou<\/a>. M\u016f\u017eete si ho zakoupit je\u0161t\u011b dnes na adrese\u00a0<a href=\"http:\/\/www.countrylife.cz\/cd-do-syrie-za-pohadkou\" target=\"_blank\">http:\/\/www.countrylife.cz\/cd-do-syrie-za-pohadkou<\/a><\/p>\n<p>V\u0161em, kte\u0159\u00ed se tak rozhodnete, d\u011bkujeme.<\/p>\n<p><img loading=\"lazy\" decoding=\"async\" class=\"alignnone size-full wp-image-1368\" src=\"http:\/\/jesenik.casd.cz\/wp-content\/uploads\/2015\/12\/scan832.jpg\" alt=\"scan832\" width=\"1280\" height=\"930\" srcset=\"https:\/\/jesenik.casd.cz\/wp-content\/uploads\/2015\/12\/scan832.jpg 1280w, https:\/\/jesenik.casd.cz\/wp-content\/uploads\/2015\/12\/scan832-300x218.jpg 300w, https:\/\/jesenik.casd.cz\/wp-content\/uploads\/2015\/12\/scan832-1024x744.jpg 1024w\" sizes=\"auto, (max-width: 1280px) 100vw, 1280px\" \/><\/p>\n","protected":false},"excerpt":{"rendered":"<p>Moc bychom si p\u0159\u00e1li, aby d\u011bti mohly pro\u017e\u00edt kr\u00e1sn\u00e9 chv\u00edle doma mezi sv\u00fdmi mil\u00fdmi &#8211; tam, kde se narodily, kde vyrostly, kde to znaj\u00ed a kde to maj\u00ed r\u00e1dy. Jen\u017ee jak v\u00edte, na n\u011bkter\u00fdch m\u00edstech na sv\u011bt\u011b je probl\u00e9m&#8230;. T\u0159eba &hellip; <a href=\"https:\/\/jesenik.casd.cz\/?p=1367\">Cel\u00fd p\u0159\u00edsp\u011bvek <span class=\"meta-nav\">&rarr;<\/span><\/a><\/p>\n","protected":false},"author":1,"featured_media":1368,"comment_status":"open","ping_status":"open","sticky":false,"template":"","format":"standard","meta":{"ngg_post_thumbnail":0,"footnotes":""},"categories":[5],"tags":[],"class_list":["post-1367","post","type-post","status-publish","format-standard","has-post-thumbnail","hentry","category-adra"],"_links":{"self":[{"href":"https:\/\/jesenik.casd.cz\/index.php?rest_route=\/wp\/v2\/posts\/1367","targetHints":{"allow":["GET"]}}],"collection":[{"href":"https:\/\/jesenik.casd.cz\/index.php?rest_route=\/wp\/v2\/posts"}],"about":[{"href":"https:\/\/jesenik.casd.cz\/index.php?rest_route=\/wp\/v2\/types\/post"}],"author":[{"embeddable":true,"href":"https:\/\/jesenik.casd.cz\/index.php?rest_route=\/wp\/v2\/users\/1"}],"replies":[{"embeddable":true,"href":"https:\/\/jesenik.casd.cz\/index.php?rest_route=%2Fwp%2Fv2%2Fcomments&post=1367"}],"version-history":[{"count":3,"href":"https:\/\/jesenik.casd.cz\/index.php?rest_route=\/wp\/v2\/posts\/1367\/revisions"}],"predecessor-version":[{"id":1371,"href":"https:\/\/jesenik.casd.cz\/index.php?rest_route=\/wp\/v2\/posts\/1367\/revisions\/1371"}],"wp:featuredmedia":[{"embeddable":true,"href":"https:\/\/jesenik.casd.cz\/index.php?rest_route=\/wp\/v2\/media\/1368"}],"wp:attachment":[{"href":"https:\/\/jesenik.casd.cz\/index.php?rest_route=%2Fwp%2Fv2%2Fmedia&parent=1367"}],"wp:term":[{"taxonomy":"category","embeddable":true,"href":"https:\/\/jesenik.casd.cz\/index.php?rest_route=%2Fwp%2Fv2%2Fcategories&post=1367"},{"taxonomy":"post_tag","embeddable":true,"href":"https:\/\/jesenik.casd.cz\/index.php?rest_route=%2Fwp%2Fv2%2Ftags&post=1367"}],"curies":[{"name":"wp","href":"https:\/\/api.w.org\/{rel}","templated":true}]}}