{"id":1388,"date":"2016-01-07T18:50:13","date_gmt":"2016-01-07T17:50:13","guid":{"rendered":"http:\/\/jesenik.casd.cz\/?p=1388"},"modified":"2016-01-07T18:55:03","modified_gmt":"2016-01-07T17:55:03","slug":"novorocni-bohosluzba-2016","status":"publish","type":"post","link":"https:\/\/jesenik.casd.cz\/?p=1388","title":{"rendered":"Novoro\u010dn\u00ed bohoslu\u017eba 2016"},"content":{"rendered":"<p style=\"text-align: justify;\">Pod nohama k\u0159upal \u010derstv\u011b napadan\u00fd sn\u00edh a nohy \u010dlen\u016f z na\u0161eho sboru i na\u0161ich p\u0159\u00e1tel sm\u011b\u0159ovaly na bohoslu\u017ebu. V sobotu 2. ledna 2016 jsme se mohli spole\u010dn\u011b t\u011b\u0161it z prvn\u00ed spole\u010dn\u00e9 bohoslu\u017eby v tomto nov\u00e9m roce. Jak\u00e1 byla? Modlitby, p\u00edsn\u011b, hudebn\u00ed p\u0159ednes, povzbuzen\u00ed z Bo\u017e\u00edho slova. V\u011b\u0159\u00edm, \u017ee to byla opravdu bohoslu\u017eba k Bo\u017e\u00ed chv\u00e1le.<\/p>\n<p style=\"text-align: justify;\">\u00a0<img loading=\"lazy\" decoding=\"async\" class=\"alignnone  wp-image-1396\" src=\"http:\/\/jesenik.casd.cz\/wp-content\/uploads\/2016\/01\/DSC00670.jpg\" alt=\"DSC00670\" width=\"235\" height=\"176\" srcset=\"https:\/\/jesenik.casd.cz\/wp-content\/uploads\/2016\/01\/DSC00670.jpg 838w, https:\/\/jesenik.casd.cz\/wp-content\/uploads\/2016\/01\/DSC00670-300x225.jpg 300w\" sizes=\"auto, (max-width: 235px) 100vw, 235px\" \/>\u00a0\u00a0<img loading=\"lazy\" decoding=\"async\" class=\"alignnone  wp-image-1394\" src=\"http:\/\/jesenik.casd.cz\/wp-content\/uploads\/2016\/01\/DSC006781.jpg\" alt=\"DSC00678\" width=\"234\" height=\"175\" srcset=\"https:\/\/jesenik.casd.cz\/wp-content\/uploads\/2016\/01\/DSC006781.jpg 1101w, https:\/\/jesenik.casd.cz\/wp-content\/uploads\/2016\/01\/DSC006781-300x225.jpg 300w, https:\/\/jesenik.casd.cz\/wp-content\/uploads\/2016\/01\/DSC006781-1024x768.jpg 1024w\" sizes=\"auto, (max-width: 234px) 100vw, 234px\" \/>\u00a0\u00a0<img loading=\"lazy\" decoding=\"async\" class=\"alignnone  wp-image-1395\" src=\"http:\/\/jesenik.casd.cz\/wp-content\/uploads\/2016\/01\/DSC00677.jpg\" alt=\"DSC00677\" width=\"206\" height=\"175\" srcset=\"https:\/\/jesenik.casd.cz\/wp-content\/uploads\/2016\/01\/DSC00677.jpg 906w, https:\/\/jesenik.casd.cz\/wp-content\/uploads\/2016\/01\/DSC00677-300x254.jpg 300w\" sizes=\"auto, (max-width: 206px) 100vw, 206px\" \/><\/p>\n<p style=\"text-align: justify;\">Je zvykem, \u017ee si v pr\u016fb\u011bhu novoro\u010dn\u00ed bohoslu\u017eby m\u016f\u017ee ka\u017ed\u00fd pro sebe i sv\u00e9 bl\u00edzk\u00e9 vybrat z\u00e1lo\u017eku s fotografi\u00ed a biblick\u00fdm ver\u0161em, kter\u00fd ho m\u016f\u017ee v dal\u0161\u00edch dnech roku prov\u00e1zet.<\/p>\n<p style=\"text-align: justify;\">\u00a0<img loading=\"lazy\" decoding=\"async\" class=\"alignnone  wp-image-1400\" src=\"http:\/\/jesenik.casd.cz\/wp-content\/uploads\/2016\/01\/DSC007021.jpg\" alt=\"DSC00702\" width=\"533\" height=\"214\" srcset=\"https:\/\/jesenik.casd.cz\/wp-content\/uploads\/2016\/01\/DSC007021.jpg 1713w, https:\/\/jesenik.casd.cz\/wp-content\/uploads\/2016\/01\/DSC007021-300x120.jpg 300w, https:\/\/jesenik.casd.cz\/wp-content\/uploads\/2016\/01\/DSC007021-1024x411.jpg 1024w\" sizes=\"auto, (max-width: 533px) 100vw, 533px\" \/>\u00a0\u00a0<img loading=\"lazy\" decoding=\"async\" class=\"alignnone  wp-image-1399\" src=\"http:\/\/jesenik.casd.cz\/wp-content\/uploads\/2016\/01\/DSC006991.jpg\" alt=\"DSC00699\" width=\"154\" height=\"216\" srcset=\"https:\/\/jesenik.casd.cz\/wp-content\/uploads\/2016\/01\/DSC006991.jpg 435w, https:\/\/jesenik.casd.cz\/wp-content\/uploads\/2016\/01\/DSC006991-214x300.jpg 214w\" sizes=\"auto, (max-width: 154px) 100vw, 154px\" \/><\/p>\n<p style=\"text-align: justify;\">Krom\u011b osobn\u00edch ver\u0161\u016f byly tak\u00e9 vybr\u00e1ny ver\u0161e pro cel\u00fd n\u00e1\u0161 sbor, pro d\u011bti a pro ml\u00e1de\u017e.<img loading=\"lazy\" decoding=\"async\" class=\"  wp-image-1401 alignright\" src=\"http:\/\/jesenik.casd.cz\/wp-content\/uploads\/2016\/01\/DSC00761.jpg\" alt=\"DSC00761\" width=\"160\" height=\"130\" srcset=\"https:\/\/jesenik.casd.cz\/wp-content\/uploads\/2016\/01\/DSC00761.jpg 1665w, https:\/\/jesenik.casd.cz\/wp-content\/uploads\/2016\/01\/DSC00761-300x243.jpg 300w, https:\/\/jesenik.casd.cz\/wp-content\/uploads\/2016\/01\/DSC00761-1024x831.jpg 1024w\" sizes=\"auto, (max-width: 160px) 100vw, 160px\" \/><\/p>\n<p style=\"text-align: justify;\">D\u011bti dostaly ver\u0161 z knihy proroka Izaj\u00e1\u0161e, 13. ver\u0161 ze 41. kapitoly: &#8222;<strong>J\u00e1 jsem Hospodin, tv\u016fj B\u016fh, dr\u017e\u00edm t\u011b za pravici, prav\u00edm ti: \u00bbNeboj se, j\u00e1 jsem tv\u00e1 pomoc.&#8220;<\/strong> Jak pot\u0159ebn\u00e9 zasl\u00edben\u00ed! Ka\u017ed\u00fd z n\u00e1s u\u017e ur\u010dit\u011b pro\u017eil strach a pro ka\u017ed\u00e9ho z n\u00e1s bylo, zvl\u00e1\u0161t\u011b v d\u011btstv\u00ed, p\u0159\u00edjemn\u00e9 a uklid\u0148uj\u00edc\u00ed v\u011bdom\u00ed, \u017ee nen\u00ed s\u00e1m, \u017ee je s n\u00edm n\u011bkdo, komu na n\u011bm z\u00e1le\u017e\u00ed, kdo ho m\u00e1\u00a0r\u00e1d. A jak je povzbudiv\u00e9, kdy\u017e n\u00e1s ten n\u011bkdo, n\u00e1\u0161 ochr\u00e1nce, ten, na koho se m\u016f\u017eeme spolehnout, chyt\u00ed za ruku a nebezpe\u010d\u00edm provede. Hospodin, Ten, kter\u00e9mu na n\u00e1s z\u00e1le\u017e\u00ed nejv\u00edce a kter\u00fd o n\u00e1s pe\u010duje, n\u00e1s uji\u0161\u0165uje, \u017ee se na N\u011bj m\u016f\u017eeme v\u017edycky\u00a0spolehnout.<\/p>\n<p style=\"text-align: justify;\">Je to u\u017e v\u00edce ne\u017e rok, co se d\u011bti u\u010dily ve sboru ryt\u00ed\u0159sk\u00e9mu um\u011bn\u00ed. Pro\u010d to p\u0159ipom\u00edn\u00e1m? Proto, \u017ee v prav\u00e9 ruce se obvykle dr\u017e\u00ed me\u010d&#8230;. &#8222;Po\u010dkej, Bo\u017ee&#8220;, br\u00e1n\u00edm se: &#8222;chy\u0165 m\u011b za levou, pravou mus\u00edm bojovat!&#8220; \u00a0Jen\u017ee kdyby m\u011b Hospodin chytil za levou ruku, tak m\u011b dr\u017e\u00ed svou &#8211; pravou rukou. A to znamen\u00e1 \u017ee&#8230;.. U\u017e je mi to jasn\u00e9! Schov\u00e1v\u00e1m sv\u016fj me\u010d do pochvy a souhlas\u00edm, aby m\u011b B\u016fh provedl t\u00edm temn\u00fdm lesem za mou pravici. Je to tak lep\u0161\u00ed. On vid\u00ed to, co j\u00e1 nevid\u00edm, On dok\u00e1\u017ee rozli\u0161it dobr\u00e9 od zl\u00e9ho a On um\u00ed me\u010dem zach\u00e1zet l\u00e9pe ne\u017e j\u00e1! Jak jsou mil\u00e1 Jeho uji\u0161t\u011bn\u00ed: &#8222;Neboj se, j\u00e1 jsem tv\u00e1 pomoc&#8220; a &#8222;Dr\u017e\u00edm t\u011b za pravici!&#8220;<\/p>\n<p style=\"text-align: justify;\">A ml\u00e1de\u017e? Kter\u00fd ver\u0161 je letos pro n\u011b?<\/p>\n<p style=\"text-align: justify;\">Je to Malachi\u00e1\u0161 <img loading=\"lazy\" decoding=\"async\" class=\"  wp-image-1403 alignleft\" src=\"http:\/\/jesenik.casd.cz\/wp-content\/uploads\/2016\/01\/DSC00760.jpg\" alt=\"DSC00760\" width=\"267\" height=\"116\" srcset=\"https:\/\/jesenik.casd.cz\/wp-content\/uploads\/2016\/01\/DSC00760.jpg 1808w, https:\/\/jesenik.casd.cz\/wp-content\/uploads\/2016\/01\/DSC00760-300x130.jpg 300w, https:\/\/jesenik.casd.cz\/wp-content\/uploads\/2016\/01\/DSC00760-1024x445.jpg 1024w\" sizes=\"auto, (max-width: 267px) 100vw, 267px\" \/>3,17. Je dobr\u00e9 nahl\u00e9dnout u\u017e do 16. ver\u0161e: V n\u011bm je zm\u00ednka, \u017ee byla p\u0159ed Hospodinem seps\u00e1na pam\u011btn\u00ed kniha, ve kter\u00e9 jsou jm\u00e9na t\u011bch, kte\u0159\u00ed maj\u00ed k Hospodinu vztah \u00facty a p\u0159em\u00fd\u0161lej\u00ed o n\u011bm jako o sv\u00e9m Stvo\u0159iteli a Zachr\u00e1nci. A v 17. ver\u0161i je uvedeno, \u017ee <strong>&#8222;Ti budou, prav\u00ed Hospodin z\u00e1stup\u016f, v den, kter\u00fd p\u0159ipravuji, m\u00fdm zvl\u00e1\u0161tn\u00edm vlastnictv\u00edm, budu k nim shov\u00edvav\u00fd, jako b\u00fdv\u00e1 shov\u00edvav\u00fd otec k synu, jen\u017e mu slou\u017e\u00ed.&#8220;<\/strong> Ano, shov\u00edvavost. To je ta \u00fa\u017easn\u00e1 vlastnost, se kterou se B\u016fh na sv\u00e9 syny (a dcery taky) d\u00edv\u00e1. On to v\u0161echno, co po n\u00e1s chce, dok\u00e1\u017ee ud\u011blat s\u00e1m mnohem l\u00e9pe. P\u0159esto chce, abychom \u0161li s odvahou do akce. A nebude n\u00e1s kritizovat za to, co se n\u00e1m nepovede. To nen\u00ed to nejd\u016fle\u017eit\u011bj\u0161\u00ed. D\u016fle\u017eit\u00e9 je vykro\u010dit a tak\u00e9 vn\u00edmat vztah. N\u00e1\u0161 k N\u011bmu i Jeho k n\u00e1m.<\/p>\n<p style=\"text-align: justify;\">A nejstar\u0161\u00edmi Bo\u017e\u00edmi d\u011btmi ve sboru jsou dosp\u011bl\u00ed. I oni letos dostali na svou cestu leto\u0161n\u00edm rokem ver\u0161 ze Star\u00e9ho z\u00e1kona. Je to text \u017dalmu 36. kapitola, 10. ver\u0161: <strong>&#8222;U tebe je pramen \u017eit\u00ed, kdy\u017e ty jsi n\u00e1m sv\u011btle<img loading=\"lazy\" decoding=\"async\" class=\"  wp-image-1404 alignright\" src=\"http:\/\/jesenik.casd.cz\/wp-content\/uploads\/2016\/01\/DSC00758.jpg\" alt=\"DSC00758\" width=\"255\" height=\"110\" srcset=\"https:\/\/jesenik.casd.cz\/wp-content\/uploads\/2016\/01\/DSC00758.jpg 1450w, https:\/\/jesenik.casd.cz\/wp-content\/uploads\/2016\/01\/DSC00758-300x129.jpg 300w, https:\/\/jesenik.casd.cz\/wp-content\/uploads\/2016\/01\/DSC00758-1024x441.jpg 1024w\" sizes=\"auto, (max-width: 255px) 100vw, 255px\" \/>m, spat\u0159ujeme sv\u011btlo.&#8220;<\/strong> Jak \u010dasto se n\u00e1m cesta \u017eivotem zd\u00e1 b\u00fdt cestou pou\u0161t\u00ed a vyprahlou suchou krajinou? U Boha je o\u00e1za, kde si m\u016f\u017eeme odpo\u010dinout a ob\u010derstvit se. A m\u016f\u017eeme se tam i zabydlet, pokud budeme cht\u00edt. Pak u\u017e n\u00e1m sucho kolem neubl\u00ed\u017e\u00ed. A kdy\u017e m\u00e1me u pramene sv\u016fj domov, jak s vodou \u017eivota nalo\u017e\u00edme? Nech\u00e1me si ji jen pro sebe? Ne, v\u017edy\u0165 p\u0159ece\u00a0ten pramen n\u00e1m nepat\u0159\u00ed. M\u016f\u017eeme z n\u011bj \u010derpat, ale nem\u016f\u017eeme si ho p\u0159ivlastnit. \u017divou vodu jsme si nekoupili, nevym\u011bnili za nic cenn\u00e9ho a ani nezaslou\u017eili. Ten nejvz\u00e1cn\u011bj\u0161\u00ed dar, dar \u017eivota se toti\u017e ani koupit ned\u00e1. Tak st\u00e1le pozn\u00e1v\u00e1me, \u017ee to nejd\u016fle\u017eit\u011bj\u0161\u00ed dost\u00e1v\u00e1me od na\u0161eho Boha zdarma. A to, co od n\u011bj m\u00e1me &#8211; a\u0165 u\u017e je to voda v pou\u0161ti nebo sv\u011btlo ve tm\u011b &#8211; nejsou \u017e\u00e1dn\u00e9 n\u00e1hra\u017eky ani zbytky. Jsou to ty nejvz\u00e1cn\u011bj\u0161\u00ed dary, bez kter\u00fdch se neobejdeme. D\u00edky Bohu za n\u011b!<\/p>\n<p style=\"text-align: justify;\">P\u0159ejeme i V\u00e1m, abyste pro\u017eili n\u00e1sleduj\u00edc\u00ed rok v Bo\u017e\u00ed bl\u00edzkosti.<\/p>\n<p style=\"text-align: justify;\">T\u011b\u0161\u00edme se na dal\u0161\u00ed setk\u00e1n\u00ed.<\/p>\n","protected":false},"excerpt":{"rendered":"<p>Pod nohama k\u0159upal \u010derstv\u011b napadan\u00fd sn\u00edh a nohy \u010dlen\u016f z na\u0161eho sboru i na\u0161ich p\u0159\u00e1tel sm\u011b\u0159ovaly na bohoslu\u017ebu. V sobotu 2. ledna 2016 jsme se mohli spole\u010dn\u011b t\u011b\u0161it z prvn\u00ed spole\u010dn\u00e9 bohoslu\u017eby v tomto nov\u00e9m roce. Jak\u00e1 byla? Modlitby, p\u00edsn\u011b, &hellip; <a href=\"https:\/\/jesenik.casd.cz\/?p=1388\">Cel\u00fd p\u0159\u00edsp\u011bvek <span class=\"meta-nav\">&rarr;<\/span><\/a><\/p>\n","protected":false},"author":1,"featured_media":1396,"comment_status":"open","ping_status":"open","sticky":true,"template":"","format":"standard","meta":{"ngg_post_thumbnail":0,"footnotes":""},"categories":[11,7,6,1],"tags":[],"class_list":["post-1388","post","type-post","status-publish","format-standard","has-post-thumbnail","hentry","category-bohosluzby","category-deti","category-mladez","category-nezarazene"],"_links":{"self":[{"href":"https:\/\/jesenik.casd.cz\/index.php?rest_route=\/wp\/v2\/posts\/1388","targetHints":{"allow":["GET"]}}],"collection":[{"href":"https:\/\/jesenik.casd.cz\/index.php?rest_route=\/wp\/v2\/posts"}],"about":[{"href":"https:\/\/jesenik.casd.cz\/index.php?rest_route=\/wp\/v2\/types\/post"}],"author":[{"embeddable":true,"href":"https:\/\/jesenik.casd.cz\/index.php?rest_route=\/wp\/v2\/users\/1"}],"replies":[{"embeddable":true,"href":"https:\/\/jesenik.casd.cz\/index.php?rest_route=%2Fwp%2Fv2%2Fcomments&post=1388"}],"version-history":[{"count":8,"href":"https:\/\/jesenik.casd.cz\/index.php?rest_route=\/wp\/v2\/posts\/1388\/revisions"}],"predecessor-version":[{"id":1407,"href":"https:\/\/jesenik.casd.cz\/index.php?rest_route=\/wp\/v2\/posts\/1388\/revisions\/1407"}],"wp:featuredmedia":[{"embeddable":true,"href":"https:\/\/jesenik.casd.cz\/index.php?rest_route=\/wp\/v2\/media\/1396"}],"wp:attachment":[{"href":"https:\/\/jesenik.casd.cz\/index.php?rest_route=%2Fwp%2Fv2%2Fmedia&parent=1388"}],"wp:term":[{"taxonomy":"category","embeddable":true,"href":"https:\/\/jesenik.casd.cz\/index.php?rest_route=%2Fwp%2Fv2%2Fcategories&post=1388"},{"taxonomy":"post_tag","embeddable":true,"href":"https:\/\/jesenik.casd.cz\/index.php?rest_route=%2Fwp%2Fv2%2Ftags&post=1388"}],"curies":[{"name":"wp","href":"https:\/\/api.w.org\/{rel}","templated":true}]}}