{"id":1416,"date":"2016-01-10T16:11:21","date_gmt":"2016-01-10T15:11:21","guid":{"rendered":"http:\/\/jesenik.casd.cz\/?p=1416"},"modified":"2016-01-26T08:27:57","modified_gmt":"2016-01-26T07:27:57","slug":"svou-zachranu-v-jezisi-mam","status":"publish","type":"post","link":"https:\/\/jesenik.casd.cz\/?p=1416","title":{"rendered":"&#8222;Svou z\u00e1chranu v Je\u017e\u00ed\u0161i m\u00e1m&#8220;"},"content":{"rendered":"<p style=\"text-align: justify;\">Mil\u00ed n\u00e1v\u0161t\u011bvn\u00edci na\u0161eho blogu.<\/p>\n<p style=\"text-align: justify;\">P\u0159ijm\u011bte, pros\u00edm, jako novoro\u010dn\u00ed d\u00e1rek 29 p\u00edsn\u00ed a chval v\u00a0kytarov\u00e9m pod\u00e1n\u00ed bratra Jaroslava Jano\u0161t\u00edka. Budeme je na tomto m\u00edst\u011b postupn\u011b zve\u0159ej\u0148ovat a p\u0159ejeme si, aby v\u00e1m d\u011blaly spole\u010dn\u00edka ve chv\u00edl\u00edch radostn\u00fdch i smutn\u00fdch a p\u0159inesly do va\u0161ich domov\u016f pokoj.<\/p>\n<p style=\"text-align: justify;\">Dnes si poslechn\u011bte prvn\u00ed z\u00a0nich &#8211; melodii p\u00edsn\u011b, kter\u00e1 je ve zp\u011bvn\u00edku Zp\u00edvejme Hospodinu uvedena pod n\u00e1zvem\u00a0 <strong>Svou z\u00e1chranu v\u00a0Je\u017e\u00ed\u0161i m\u00e1m<\/strong> (p\u00edse\u0148 \u010d\u00edslo 235). Na technick\u00e9 \u00faprav\u011b skladby se pod\u00edlela sestra Jaroslava Rand\u00fdskov\u00e1.<\/p>\n<p style=\"text-align: justify;\">Autorem t\u00e9to zn\u00e1m\u00e9 melodie je William James Kirkpatrick (27. \u00fanora 1838 \u2013 20. srpna 1921). Narodil\u00a0 v\u00a0Pennsylv\u00e1nii v\u00a0rodin\u011b u\u010ditele a hudebn\u00edka Thomase Kirkpatricka. S\u00e1m pozd\u011bji hr\u00e1l na r\u016fzn\u00e9 hudebn\u00ed n\u00e1stroje: cello, p\u00ed\u0161\u0165aly a fl\u00e9tny, varhany i housle a komponoval.<\/p>\n<p style=\"text-align: justify;\">Nav\u0161t\u011bvoval \u201eWharton Street Methodist Episcopal Church\u201c kde byl od sv\u00fdch 18 let zapojen\u00fd do slu\u017eby jako hudebn\u00edk<br \/>\na u\u010ditel.<\/p>\n<p style=\"text-align: justify;\">Melodie, kter\u00e9 k\u00a0Bo\u017e\u00ed chv\u00e1le skl\u00e1dal, jsou dnes zn\u00e1m\u00e9 k\u0159es\u0165an\u016fm po cel\u00e9m sv\u011bt\u011b.<\/p>\n<audio class=\"wp-audio-shortcode\" id=\"audio-1416-1\" preload=\"none\" style=\"width: 100%;\" controls=\"controls\"><source type=\"audio\/mpeg\" src=\"http:\/\/jesenik.casd.cz\/wp-content\/uploads\/2016\/01\/Svou-z\u00e1chranu-v-Je\u017e\u00ed\u0161i-m\u00e1m-235-128kb.mp3?_=1\" \/><a href=\"http:\/\/jesenik.casd.cz\/wp-content\/uploads\/2016\/01\/Svou-z\u00e1chranu-v-Je\u017e\u00ed\u0161i-m\u00e1m-235-128kb.mp3\">http:\/\/jesenik.casd.cz\/wp-content\/uploads\/2016\/01\/Svou-z\u00e1chranu-v-Je\u017e\u00ed\u0161i-m\u00e1m-235-128kb.mp3<\/a><\/audio>\n<p style=\"text-align: justify;\">Pokud jste te\u010f poslouchali melodii, jist\u011b by v\u00e1s zaj\u00edmal i text t\u00e9to p\u00edsn\u011b. Autorkou p\u016fvodn\u00edho textu je Frances Jane van Alstyne (24. b\u0159ezna 1820 \u2013 12. \u00fanora 1915), americk\u00e1 misijn\u00ed pracovnice, b\u00e1sn\u00ed\u0159ka a skladatelka zn\u00e1m\u00e1 jako Fanny J. Crosbyov\u00e1.<\/p>\n<p style=\"text-align: justify;\">Na textech spolupracovala s Robertem Lowrym, pastorem brooklinsk\u00e9 Bible Baptist Church, c\u00edrkve, kterou nav\u0161t\u011bvovala. Navzdory tomu, \u017ee byla t\u00e9m\u011b\u0159 od narozen\u00ed nevidom\u00e1, slo\u017eila texty k\u00a0v\u00edce jak \u00a08\u00a0000 hymn\u016fm a gospelov\u00fdm p\u00edsn\u00edm.<\/p>\n<p style=\"text-align: justify;\"><strong>Svou z\u00e1chranu v\u00a0Je\u017e\u00ed\u0161i m\u00e1m<\/strong><\/p>\n<p>1. Svou z\u00e1chranu v\u00a0Je\u017e\u00ed\u0161i, P\u00e1nu sv\u00e9m, m\u00e1m, On B\u016fh je a Spasitel m\u016fj.<\/p>\n<p>Nad sk\u00e1lu je pevn\u011bj\u0161\u00ed, skr\u00fd\u0161e je m\u00e1, zdroj \u00fat\u011bchy v\u00a0P\u00e1nu m\u00e1m sv\u016fj.<\/p>\n<p>Ref:<\/p>\n<p>Na sk\u00e1lu mne postavil, skryl v\u00a0dlani sv\u00e9 a poskytl chladiv\u00fd st\u00edn.<\/p>\n<p>M\u011bl v\u00a0p\u00e9\u010di mne sv\u00e9 a svou l\u00e1skou mne h\u0159\u00e1l,<\/p>\n<p>jak d\u00edt\u011b mne bral na sv\u016fj kl\u00edn, jak d\u00edt\u011b mne bral na sv\u016fj kl\u00edn.<\/p>\n<p>&nbsp;<\/p>\n<p>2. Jak \u00fa\u017easn\u00fd p\u0159\u00edtel je P\u00e1n Je\u017e\u00ed\u0161 s\u00e1m, m\u016fj \u00fad\u011bl mi pom\u00e1h\u00e1 n\u00e9st.<\/p>\n<p>Kdy\u017e b\u0159\u00edm\u011b mne t\u00ed\u017e\u00ed, On s\u00edlu mi d\u00e1, chce k\u00a0c\u00edli mne \u017eivota v\u00e9st.<\/p>\n<p>&nbsp;<\/p>\n<p>3. P\u00e1n v\u00a0l\u00e1sce mi \u017eehn\u00e1, On d\u00e1 pokoj sv\u016fj a d\u00e1v\u00e1 mi v\u017edy dary sv\u00e9.<\/p>\n<p>R\u00e1d p\u00edsn\u011b si zp\u00edv\u00e1m o sv\u00e9m spasen\u00ed, v\u017edy\u0165 vzh\u016fru mne k\u00a0domovu zve.<\/p>\n<p>&nbsp;<\/p>\n<p>4. U P\u00e1na a\u017e jednou tam j\u00e1 budu st\u00e1t, a\u017e v\u00a0nebes\u00edch setk\u00e1m se s\u00a0n\u00edm,<\/p>\n<p>jak v\u00a0z\u00e1stupu spasen\u00fdch chv\u00e1lu mu vzd\u00e1m, \u017ee sp\u00e1sou je, z\u00e1chranou m\u00fdm.<\/p>\n<p>&nbsp;<\/p>\n<p>Poslechn\u011bte si melodii p\u00edsn\u011b znovu a tentokr\u00e1t p\u0159ipojte k\u00a0rozj\u00edm\u00e1n\u00ed i jej\u00ed text.<\/p>\n<p>&nbsp;<\/p>\n<p style=\"text-align: justify;\"><img loading=\"lazy\" decoding=\"async\" class=\"alignnone size-full wp-image-1418\" src=\"http:\/\/jesenik.casd.cz\/wp-content\/uploads\/2016\/01\/Kopie-P1270383.jpg\" alt=\"Kopie - P1270383\" width=\"768\" height=\"1024\" srcset=\"https:\/\/jesenik.casd.cz\/wp-content\/uploads\/2016\/01\/Kopie-P1270383.jpg 768w, https:\/\/jesenik.casd.cz\/wp-content\/uploads\/2016\/01\/Kopie-P1270383-225x300.jpg 225w\" sizes=\"auto, (max-width: 768px) 100vw, 768px\" \/><\/p>\n<p style=\"text-align: justify;\">Foto Ludmila Jano\u0161t\u00edkov\u00e1<\/p>\n","protected":false},"excerpt":{"rendered":"<p>Mil\u00ed n\u00e1v\u0161t\u011bvn\u00edci na\u0161eho blogu. P\u0159ijm\u011bte, pros\u00edm, jako novoro\u010dn\u00ed d\u00e1rek 29 p\u00edsn\u00ed a chval v\u00a0kytarov\u00e9m pod\u00e1n\u00ed bratra Jaroslava Jano\u0161t\u00edka. Budeme je na tomto m\u00edst\u011b postupn\u011b zve\u0159ej\u0148ovat a p\u0159ejeme si, aby v\u00e1m d\u011blaly spole\u010dn\u00edka ve chv\u00edl\u00edch radostn\u00fdch i smutn\u00fdch a p\u0159inesly do &hellip; <a href=\"https:\/\/jesenik.casd.cz\/?p=1416\">Cel\u00fd p\u0159\u00edsp\u011bvek <span class=\"meta-nav\">&rarr;<\/span><\/a><\/p>\n","protected":false},"author":1,"featured_media":1420,"comment_status":"open","ping_status":"open","sticky":false,"template":"","format":"standard","meta":{"ngg_post_thumbnail":0,"footnotes":""},"categories":[1,14],"tags":[],"class_list":["post-1416","post","type-post","status-publish","format-standard","has-post-thumbnail","hentry","category-nezarazene","category-pisne"],"_links":{"self":[{"href":"https:\/\/jesenik.casd.cz\/index.php?rest_route=\/wp\/v2\/posts\/1416","targetHints":{"allow":["GET"]}}],"collection":[{"href":"https:\/\/jesenik.casd.cz\/index.php?rest_route=\/wp\/v2\/posts"}],"about":[{"href":"https:\/\/jesenik.casd.cz\/index.php?rest_route=\/wp\/v2\/types\/post"}],"author":[{"embeddable":true,"href":"https:\/\/jesenik.casd.cz\/index.php?rest_route=\/wp\/v2\/users\/1"}],"replies":[{"embeddable":true,"href":"https:\/\/jesenik.casd.cz\/index.php?rest_route=%2Fwp%2Fv2%2Fcomments&post=1416"}],"version-history":[{"count":5,"href":"https:\/\/jesenik.casd.cz\/index.php?rest_route=\/wp\/v2\/posts\/1416\/revisions"}],"predecessor-version":[{"id":1555,"href":"https:\/\/jesenik.casd.cz\/index.php?rest_route=\/wp\/v2\/posts\/1416\/revisions\/1555"}],"wp:featuredmedia":[{"embeddable":true,"href":"https:\/\/jesenik.casd.cz\/index.php?rest_route=\/wp\/v2\/media\/1420"}],"wp:attachment":[{"href":"https:\/\/jesenik.casd.cz\/index.php?rest_route=%2Fwp%2Fv2%2Fmedia&parent=1416"}],"wp:term":[{"taxonomy":"category","embeddable":true,"href":"https:\/\/jesenik.casd.cz\/index.php?rest_route=%2Fwp%2Fv2%2Fcategories&post=1416"},{"taxonomy":"post_tag","embeddable":true,"href":"https:\/\/jesenik.casd.cz\/index.php?rest_route=%2Fwp%2Fv2%2Ftags&post=1416"}],"curies":[{"name":"wp","href":"https:\/\/api.w.org\/{rel}","templated":true}]}}