{"id":1433,"date":"2016-01-15T08:48:55","date_gmt":"2016-01-15T07:48:55","guid":{"rendered":"http:\/\/jesenik.casd.cz\/?p=1433"},"modified":"2016-01-15T08:49:28","modified_gmt":"2016-01-15T07:49:28","slug":"pisen-s-jezisem-chci-verne","status":"publish","type":"post","link":"https:\/\/jesenik.casd.cz\/?p=1433","title":{"rendered":"P\u00edse\u0148 &#8222;S Je\u017e\u00ed\u0161em chci v\u011brn\u011b&#8220;"},"content":{"rendered":"<p style=\"text-align: justify;\"><span style=\"font-size: 10pt;\">Poslechn\u011bte si dal\u0161\u00ed p\u00edse\u0148 v kytarov\u00e9m pod\u00e1n\u00ed Jaroslava Jano\u0161t\u00edka, tentokr\u00e1te s n\u00e1zvem &#8222;S Je\u017e\u00ed\u0161em chci v\u011brn\u011b&#8220; (P\u00edse\u0148 \u010d\u00edslo 156 ze zp\u011bvn\u00edku &#8222;Zp\u00edvejme Hospodinu&#8220;).<\/span><\/p>\n<audio class=\"wp-audio-shortcode\" id=\"audio-1433-1\" preload=\"none\" style=\"width: 100%;\" controls=\"controls\"><source type=\"audio\/mpeg\" src=\"http:\/\/jesenik.casd.cz\/wp-content\/uploads\/2016\/01\/S-Je\u017e\u00ed\u0161em-chci-v\u011brn\u011b-26.1.13-156-128kb.mp3?_=1\" \/><a href=\"http:\/\/jesenik.casd.cz\/wp-content\/uploads\/2016\/01\/S-Je\u017e\u00ed\u0161em-chci-v\u011brn\u011b-26.1.13-156-128kb.mp3\">http:\/\/jesenik.casd.cz\/wp-content\/uploads\/2016\/01\/S-Je\u017e\u00ed\u0161em-chci-v\u011brn\u011b-26.1.13-156-128kb.mp3<\/a><\/audio>\n<p>&nbsp;<\/p>\n<p style=\"text-align: justify;\"><span style=\"font-size: 10pt;\">Je za\u010d\u00e1tek 19. stolet\u00ed a Evropa se zm\u00edt\u00e1 v\u00a0boj\u00edch. V\u00a0t\u00e9 dob\u011b se setk\u00e1v\u00e1me s lehce zapamatovateln\u00fdm datem 7. 7. 1811. Nen\u00ed to datum \u017e\u00e1dn\u00e9 v\u00edt\u011bzn\u00e9 ani prohran\u00e9 bitvy z u\u010debnic d\u011bjepisu. Je to datum, kdy se narodil v\u00a0rodin\u011b u\u010ditele v\u00a0D\u00fchrenu chlapec, kter\u00fd dostal jm\u00e9no Johann Peter. Johann Peter\u00a0Sch\u00fcck. Pozd\u011bji se stal evangelick\u00fdm far\u00e1\u0159em a 50 let slou\u017eil v Hoffenheimu, kde v\u00a0roce 1892 zem\u0159el.<\/span><\/p>\n<p style=\"text-align: justify;\"><span style=\"font-size: 10pt;\">Johann Peter Sch\u00fcck \u00a0je zn\u00e1m jako duchovn\u00ed, ale tak\u00e9 jako b\u00e1sn\u00edk a skladatel. V\u00a0roce 1849 publikoval t\u0159\u00ed a \u010dty\u0159hlas\u00e9 p\u00edsn\u011b poutn\u00edka \u201ePilgerlieder&#8220;.\u00a0 Jednou z\u00a0nejzn\u00e1m\u011bj\u0161\u00edch p\u00edsn\u00ed je pr\u00e1v\u011b p\u00edse\u0148 &#8222;Nur mit Jesus will ich weiterwandern&#8220; &#8211; \u00a0\u201eS Je\u017e\u00ed\u0161em chci v\u011brn\u011b\u201c, ke kter\u00e9 slo\u017eil slova i melodii. P\u00edse\u0148 byla p\u0159elo\u017eena do mnoha jazyk\u016f a zdom\u00e1cn\u011bla nejenom v\u00a0na\u0161ich zp\u011bvn\u00edc\u00edch, ale i v\u00a0mnoh\u00fdch srdc\u00edch. Je to p\u00edse\u0148 odevzd\u00e1n\u00ed se do rukou toho, kdo zn\u00e1 na\u0161e cesty nejl\u00e9pe a chce n\u00e1s bezpe\u010dn\u011b dov\u00e9st a\u017e dom\u016f. Zd\u00e1 se, \u017ee slova t\u00e9to p\u00edsn\u011b jsou jako vyzn\u00e1n\u00ed v\u00edry odpov\u011bd\u00ed na Je\u017e\u00ed\u0161ova slova z\u00a0Janova evangelia 10,27.28: \u201eMoje ovce sly\u0161\u00ed m\u016fj hlas, j\u00e1 je zn\u00e1m, jdou za mnou a j\u00e1 jim d\u00e1v\u00e1m v\u011b\u010dn\u00fd \u017eivot: nezahynou nav\u011bky a nikdo je z m\u00e9 ruky nevyrve.\u201c<\/span><\/p>\n<p style=\"text-align: justify;\"><span style=\"font-size: 10pt;\">M\u016f\u017eeme si te\u010f na chv\u00edli p\u0159edstavit pana far\u00e1\u0159e Sch\u00fccka, jak se proch\u00e1z\u00ed malebnou krajinou v\u00a0okol\u00ed Hoffenheimu a modl\u00ed se za lidi, kte\u0159\u00ed jsou mu sv\u011b\u0159en\u00ed, i za sebe samotn\u00e9ho. A jak tak kr\u00e1\u010d\u00ed, za\u010dnou se mu vybavovat slova p\u00edsn\u011b, kter\u00e1 vyjad\u0159uj\u00ed jeho vztah k\u00a0P\u00e1nu. \u201eS Je\u017e\u00ed\u0161em \u00a0chci v\u011brn\u011b v\u00a0ka\u017edou chv\u00edli kr\u00e1\u010det t\u00edmto sv\u011bta \u00fadol\u00edm. On mne vede k\u00a0nebesk\u00e9mu c\u00edli, kdy\u017e jdu s\u00a0n\u00edm, pak nikdy nezbloud\u00edm.\u201d Po mnoha \u017eivotn\u00edch zku\u0161enostech u\u017e v\u00ed, \u017ee cesta s P\u00e1nem je sice tou nejlep\u0161\u00ed variantou v jeho \u017eivot\u011b, ale \u017ee to nen\u00ed cesta bez probl\u00e9m\u016f a starost\u00ed. Sv\u00e9mu pr\u016fvodci Johann Peter Sch\u00fcck d\u016fv\u011b\u0159uje a v p\u00edsni mu vyjad\u0159uje vd\u011b\u010dnost za to, \u017ee se m\u016f\u017ee spolehnout na jeho milost.<\/span><\/p>\n<p style=\"text-align: justify;\">Nev\u00edme p\u0159esn\u011b, kdy a jak tato p\u00edse\u0148 vznikla, ale slova i n\u00e1dhern\u00e1 melodie n\u00e1s samotn\u00e9 p\u0159iv\u00e1d\u00ed k uva\u017eov\u00e1n\u00ed o tom, jak \u00fa\u017easn\u00fd je P\u00e1n a k odevzd\u00e1n\u00ed se mu. M\u016f\u017eeme ji p\u0159ijmout i jako na\u0161e vyzn\u00e1n\u00ed v\u00edry.<\/p>\n<audio class=\"wp-audio-shortcode\" id=\"audio-1433-2\" preload=\"none\" style=\"width: 100%;\" controls=\"controls\"><source type=\"audio\/mpeg\" src=\"http:\/\/jesenik.casd.cz\/wp-content\/uploads\/2016\/01\/S-Je\u017e\u00ed\u0161em-chci-v\u011brn\u011b-26.1.13-156-128kb.mp3?_=2\" \/><a href=\"http:\/\/jesenik.casd.cz\/wp-content\/uploads\/2016\/01\/S-Je\u017e\u00ed\u0161em-chci-v\u011brn\u011b-26.1.13-156-128kb.mp3\">http:\/\/jesenik.casd.cz\/wp-content\/uploads\/2016\/01\/S-Je\u017e\u00ed\u0161em-chci-v\u011brn\u011b-26.1.13-156-128kb.mp3<\/a><\/audio>\n<p>&nbsp;<\/p>\n<p style=\"text-align: justify;\">1. S Je\u017e\u00ed\u0161em chci v\u011brn\u011b v\u00a0ka\u017edou chv\u00edli<\/p>\n<p style=\"text-align: justify;\"><span style=\"font-size: 10pt;\">kr\u00e1\u010det t\u00edmto sv\u011bta \u00fadol\u00edm.<\/span><\/p>\n<p style=\"text-align: justify;\"><span style=\"font-size: 10pt;\">On mne vede k\u00a0nebesk\u00e9mu c\u00edli,<\/span><\/p>\n<p style=\"text-align: justify;\"><span style=\"font-size: 10pt;\">\/: kdy\u017e jdu s\u00a0n\u00edm, pak nikdy nezbloud\u00edm.:\/<\/span><\/p>\n<p style=\"text-align: justify;\">2. S n\u00edm chci j\u00edt, a\u0165 cokoli se d\u011bje,<\/p>\n<p style=\"text-align: justify;\"><span style=\"font-size: 10pt;\">k\u00a0v\u011b\u010dn\u00e9mu mne vede pokoji.<\/span><\/p>\n<p style=\"text-align: justify;\"><span style=\"font-size: 10pt;\">S\u00a0n\u00edm i v\u00a0bou\u0159i srdce p\u00edsn\u011b p\u011bje,<\/span><\/p>\n<p style=\"text-align: justify;\"><span style=\"font-size: 10pt;\">\/: u n\u011bho se zl\u00e9ho neboj\u00ed.:\/<\/span><\/p>\n<p style=\"text-align: justify;\">3. Ne v\u017edy kr\u00e1sn\u00e9 zdob\u00ed cestu kv\u00edt\u00ed,<\/p>\n<p style=\"text-align: justify;\"><span style=\"font-size: 10pt;\">trn\u00edm t\u00e9\u017e je \u010dasto poset\u00e1.<\/span><\/p>\n<p style=\"text-align: justify;\"><span style=\"font-size: 10pt;\">Budi\u017e, chce-li n\u011bkdy P\u00e1n tak m\u00edti,<\/span><\/p>\n<p style=\"text-align: justify;\"><span style=\"font-size: 10pt;\">\/: v\u017edy\u0165 i r\u016f\u017ee v\u00a0trn\u00ed rozkv\u00e9t\u00e1.:\/<\/span><\/p>\n<p style=\"text-align: justify;\">4. Na tvou milost spol\u00e9h\u00e1m se zcela,<\/p>\n<p style=\"text-align: justify;\"><span style=\"font-size: 10pt;\">Pane m\u016fj, a v\u00edm, \u017ee nezhynu.<\/span><\/p>\n<p style=\"text-align: justify;\"><span style=\"font-size: 10pt;\">Kdy\u017e pak p\u0159ijde\u0161 vzk\u0159\u00edsit na\u0161e t\u011bla,<\/span><\/p>\n<p style=\"text-align: justify;\"><span style=\"font-size: 10pt;\">\/: p\u0159ijmi mne tam v\u00a0nebes ot\u010dinu.:\/<\/span><\/p>\n<p style=\"text-align: justify;\"><span style=\"font-size: 13.3333px;\">(Pozn.: Slova p\u00edsn\u011b v \u010desk\u00e9 verzi pro\u0161la v pr\u016fb\u011bhu d\u011bjin mnoh\u00fdmi \u00fapravami a text m\u016f\u017eete sly\u0161et zp\u00edvat i s jin\u00fdm n\u00e1p\u011bvem t\u00e9ho\u017e autora. Jako z\u00e1klad textu, kter\u00fd je v na\u0161ich zp\u011bvn\u00edc\u00edch, poslou\u017eil p\u0159eklad Josefa Ba\u0161teck\u00e9ho z P\u00edsn\u00ed cestou \u017eivota I. vydan\u00fdch v roce 1873.)<\/span><\/p>\n<p style=\"text-align: justify;\"><img loading=\"lazy\" decoding=\"async\" class=\"alignnone size-full wp-image-1451\" src=\"http:\/\/jesenik.casd.cz\/wp-content\/uploads\/2016\/01\/P1270442.jpg\" alt=\"P1270442\" width=\"1024\" height=\"768\" srcset=\"https:\/\/jesenik.casd.cz\/wp-content\/uploads\/2016\/01\/P1270442.jpg 1024w, https:\/\/jesenik.casd.cz\/wp-content\/uploads\/2016\/01\/P1270442-300x225.jpg 300w\" sizes=\"auto, (max-width: 1024px) 100vw, 1024px\" \/><\/p>\n<p style=\"text-align: justify;\">Foto Ludmila Jano\u0161t\u00edkov\u00e1<\/p>\n<p style=\"text-align: justify;\"><span style=\"font-size: 10pt;\">\u00a0<\/span><\/p>\n","protected":false},"excerpt":{"rendered":"<p>Poslechn\u011bte si dal\u0161\u00ed p\u00edse\u0148 v kytarov\u00e9m pod\u00e1n\u00ed Jaroslava Jano\u0161t\u00edka, tentokr\u00e1te s n\u00e1zvem &#8222;S Je\u017e\u00ed\u0161em chci v\u011brn\u011b&#8220; (P\u00edse\u0148 \u010d\u00edslo 156 ze zp\u011bvn\u00edku &#8222;Zp\u00edvejme Hospodinu&#8220;). &nbsp; Je za\u010d\u00e1tek 19. stolet\u00ed a Evropa se zm\u00edt\u00e1 v\u00a0boj\u00edch. V\u00a0t\u00e9 dob\u011b se setk\u00e1v\u00e1me s lehce zapamatovateln\u00fdm &hellip; <a href=\"https:\/\/jesenik.casd.cz\/?p=1433\">Cel\u00fd p\u0159\u00edsp\u011bvek <span class=\"meta-nav\">&rarr;<\/span><\/a><\/p>\n","protected":false},"author":1,"featured_media":1451,"comment_status":"open","ping_status":"open","sticky":true,"template":"","format":"standard","meta":{"ngg_post_thumbnail":0,"footnotes":""},"categories":[1,14],"tags":[],"class_list":["post-1433","post","type-post","status-publish","format-standard","has-post-thumbnail","hentry","category-nezarazene","category-pisne"],"_links":{"self":[{"href":"https:\/\/jesenik.casd.cz\/index.php?rest_route=\/wp\/v2\/posts\/1433","targetHints":{"allow":["GET"]}}],"collection":[{"href":"https:\/\/jesenik.casd.cz\/index.php?rest_route=\/wp\/v2\/posts"}],"about":[{"href":"https:\/\/jesenik.casd.cz\/index.php?rest_route=\/wp\/v2\/types\/post"}],"author":[{"embeddable":true,"href":"https:\/\/jesenik.casd.cz\/index.php?rest_route=\/wp\/v2\/users\/1"}],"replies":[{"embeddable":true,"href":"https:\/\/jesenik.casd.cz\/index.php?rest_route=%2Fwp%2Fv2%2Fcomments&post=1433"}],"version-history":[{"count":13,"href":"https:\/\/jesenik.casd.cz\/index.php?rest_route=\/wp\/v2\/posts\/1433\/revisions"}],"predecessor-version":[{"id":1462,"href":"https:\/\/jesenik.casd.cz\/index.php?rest_route=\/wp\/v2\/posts\/1433\/revisions\/1462"}],"wp:featuredmedia":[{"embeddable":true,"href":"https:\/\/jesenik.casd.cz\/index.php?rest_route=\/wp\/v2\/media\/1451"}],"wp:attachment":[{"href":"https:\/\/jesenik.casd.cz\/index.php?rest_route=%2Fwp%2Fv2%2Fmedia&parent=1433"}],"wp:term":[{"taxonomy":"category","embeddable":true,"href":"https:\/\/jesenik.casd.cz\/index.php?rest_route=%2Fwp%2Fv2%2Fcategories&post=1433"},{"taxonomy":"post_tag","embeddable":true,"href":"https:\/\/jesenik.casd.cz\/index.php?rest_route=%2Fwp%2Fv2%2Ftags&post=1433"}],"curies":[{"name":"wp","href":"https:\/\/api.w.org\/{rel}","templated":true}]}}