{"id":1455,"date":"2016-01-15T07:43:30","date_gmt":"2016-01-15T06:43:30","guid":{"rendered":"http:\/\/jesenik.casd.cz\/?p=1455"},"modified":"2016-01-15T07:54:30","modified_gmt":"2016-01-15T06:54:30","slug":"podekovani-adra","status":"publish","type":"post","link":"https:\/\/jesenik.casd.cz\/?p=1455","title":{"rendered":"Pod\u011bkov\u00e1n\u00ed ADRA"},"content":{"rendered":"<div>Mil\u00ed p\u0159\u00e1tel\u00e9 organizace ADRA,<\/div>\n<div><\/div>\n<div>dovolte n\u00e1m V\u00e1m je\u0161t\u011b jednou v\u0159ele pod\u011bkovat za Va\u0161i p\u0159\u00edze\u0148 a podporu, kter\u00e9 si velmi v\u00e1\u017e\u00edme! Jen d\u00edky V\u00e1m m\u016f\u017eeme spole\u010dn\u011b napl\u0148ovat na\u0161e posl\u00e1n\u00ed, a to pom\u00e1hat lidem \u017eij\u00edc\u00edm v chudob\u011b a nouzi za \u00fa\u010delem spravedliv\u00e9 a pozitivn\u00ed zm\u011bny.<\/div>\n<div><\/div>\n<div><\/div>\n<div>D\u011aKUJEME V\u00c1M!<\/div>\n<div><\/div>\n<div>Z\u00e1rove\u0148 bychom V\u00e1m r\u00e1di pop\u0159\u00e1li do roku 2016 jen to nejlep\u0161\u00ed a budeme se t\u011b\u0161it na dal\u0161\u00ed spolupr\u00e1ci.<\/div>\n<div><\/div>\n<div>\n<p>V\u00e1\u0161 ADRA t\u00fdm<\/p>\n<p><em>&#8222;Spole\u010dn\u011b m\u011bn\u00edme \u017eivoty druh\u00fdch k lep\u0161\u00edmu.&#8220;<\/em><\/p>\n<p><strong>PS: <\/strong>Cht\u011bli byste od n\u00e1s pravideln\u011b dost\u00e1vat informace o tom, co pr\u00e1v\u011b d\u011bl\u00e1me? <a href=\"http:\/\/eepurl.com\/GZ8mD\" target=\"_blank\">P\u0159ihlaste se k odb\u011bru na\u0161eho newsletteru<\/a>.<\/p>\n<\/div>\n<div><\/div>\n<div><\/div>\n<div><img loading=\"lazy\" decoding=\"async\" class=\"alignnone  wp-image-1456\" src=\"http:\/\/jesenik.casd.cz\/wp-content\/uploads\/2016\/01\/PF-ADRA.jpg\" alt=\"PF ADRA\" width=\"654\" height=\"313\" srcset=\"https:\/\/jesenik.casd.cz\/wp-content\/uploads\/2016\/01\/PF-ADRA.jpg 600w, https:\/\/jesenik.casd.cz\/wp-content\/uploads\/2016\/01\/PF-ADRA-300x144.jpg 300w\" sizes=\"auto, (max-width: 654px) 100vw, 654px\" \/><\/div>\n<div><\/div>\n<p><!--nextpage--><\/p>\n","protected":false},"excerpt":{"rendered":"<p>Mil\u00ed p\u0159\u00e1tel\u00e9 organizace ADRA, dovolte n\u00e1m V\u00e1m je\u0161t\u011b jednou v\u0159ele pod\u011bkovat za Va\u0161i p\u0159\u00edze\u0148 a podporu, kter\u00e9 si velmi v\u00e1\u017e\u00edme! Jen d\u00edky V\u00e1m m\u016f\u017eeme spole\u010dn\u011b napl\u0148ovat na\u0161e posl\u00e1n\u00ed, a to pom\u00e1hat lidem \u017eij\u00edc\u00edm v chudob\u011b a nouzi za \u00fa\u010delem spravedliv\u00e9 &hellip; <a href=\"https:\/\/jesenik.casd.cz\/?p=1455\">Cel\u00fd p\u0159\u00edsp\u011bvek <span class=\"meta-nav\">&rarr;<\/span><\/a><\/p>\n","protected":false},"author":1,"featured_media":1459,"comment_status":"open","ping_status":"open","sticky":false,"template":"","format":"standard","meta":{"ngg_post_thumbnail":0,"footnotes":""},"categories":[5],"tags":[],"class_list":["post-1455","post","type-post","status-publish","format-standard","has-post-thumbnail","hentry","category-adra"],"_links":{"self":[{"href":"https:\/\/jesenik.casd.cz\/index.php?rest_route=\/wp\/v2\/posts\/1455","targetHints":{"allow":["GET"]}}],"collection":[{"href":"https:\/\/jesenik.casd.cz\/index.php?rest_route=\/wp\/v2\/posts"}],"about":[{"href":"https:\/\/jesenik.casd.cz\/index.php?rest_route=\/wp\/v2\/types\/post"}],"author":[{"embeddable":true,"href":"https:\/\/jesenik.casd.cz\/index.php?rest_route=\/wp\/v2\/users\/1"}],"replies":[{"embeddable":true,"href":"https:\/\/jesenik.casd.cz\/index.php?rest_route=%2Fwp%2Fv2%2Fcomments&post=1455"}],"version-history":[{"count":3,"href":"https:\/\/jesenik.casd.cz\/index.php?rest_route=\/wp\/v2\/posts\/1455\/revisions"}],"predecessor-version":[{"id":1461,"href":"https:\/\/jesenik.casd.cz\/index.php?rest_route=\/wp\/v2\/posts\/1455\/revisions\/1461"}],"wp:featuredmedia":[{"embeddable":true,"href":"https:\/\/jesenik.casd.cz\/index.php?rest_route=\/wp\/v2\/media\/1459"}],"wp:attachment":[{"href":"https:\/\/jesenik.casd.cz\/index.php?rest_route=%2Fwp%2Fv2%2Fmedia&parent=1455"}],"wp:term":[{"taxonomy":"category","embeddable":true,"href":"https:\/\/jesenik.casd.cz\/index.php?rest_route=%2Fwp%2Fv2%2Fcategories&post=1455"},{"taxonomy":"post_tag","embeddable":true,"href":"https:\/\/jesenik.casd.cz\/index.php?rest_route=%2Fwp%2Fv2%2Ftags&post=1455"}],"curies":[{"name":"wp","href":"https:\/\/api.w.org\/{rel}","templated":true}]}}