{"id":1554,"date":"2016-01-22T07:29:59","date_gmt":"2016-01-22T06:29:59","guid":{"rendered":"http:\/\/jesenik.casd.cz\/?p=1554"},"modified":"2016-01-22T08:00:06","modified_gmt":"2016-01-22T07:00:06","slug":"jak-zridlo-vody-zive","status":"publish","type":"post","link":"https:\/\/jesenik.casd.cz\/?p=1554","title":{"rendered":"&#8222;Jak z\u0159\u00eddlo vody \u017eiv\u00e9&#8220;"},"content":{"rendered":"<p>K dne\u0161n\u00edmu rozj\u00edm\u00e1n\u00ed v\u00e1m p\u0159in\u00e1\u0161\u00edme p\u00edse\u0148 &#8222;Jak z\u0159\u00eddlo vody \u017eiv\u00e9&#8220; \u010d\u00edslo 181 ze zp\u011bvn\u00edku Zp\u00edvejme Hospodinu\u00a0v kytarov\u00e9m pod\u00e1n\u00ed Jaroslava Jano\u0161t\u00edka:<\/p>\n<audio class=\"wp-audio-shortcode\" id=\"audio-1554-1\" preload=\"none\" style=\"width: 100%;\" controls=\"controls\"><source type=\"audio\/mpeg\" src=\"http:\/\/jesenik.casd.cz\/wp-content\/uploads\/2016\/01\/Jak-zridlo-vody-zive-181.mp3?_=1\" \/><a href=\"http:\/\/jesenik.casd.cz\/wp-content\/uploads\/2016\/01\/Jak-zridlo-vody-zive-181.mp3\">http:\/\/jesenik.casd.cz\/wp-content\/uploads\/2016\/01\/Jak-zridlo-vody-zive-181.mp3<\/a><\/audio>\n<p>&nbsp;<\/p>\n<p><img loading=\"lazy\" decoding=\"async\" class=\"alignnone size-full wp-image-1556\" src=\"http:\/\/jesenik.casd.cz\/wp-content\/uploads\/2016\/01\/Kopie-P1270416.jpg\" alt=\"Kopie - P1270416\" width=\"970\" height=\"728\" srcset=\"https:\/\/jesenik.casd.cz\/wp-content\/uploads\/2016\/01\/Kopie-P1270416.jpg 970w, https:\/\/jesenik.casd.cz\/wp-content\/uploads\/2016\/01\/Kopie-P1270416-300x225.jpg 300w\" sizes=\"auto, (max-width: 970px) 100vw, 970px\" \/><\/p>\n<p>Kdo z Jesen\u00edku by neznal Vincence Priessnitze? Za\u010dal u n\u00e1s vyu\u017e\u00edvat l\u00e9\u010divou s\u00edlu pramenit\u00e9 vody, d\u00edky kter\u00e9 se b\u011bhem n\u011bkolika m\u00e1lo let stal\u00a0Gr\u00e4fenberk, nyn\u011bj\u0161\u00ed Jesen\u00edk,\u00a0ve sv\u00e9 dob\u011b jedn\u00edm z nejvyhled\u00e1van\u011bj\u0161\u00edch m\u00edst na sv\u011bt\u011b.<\/p>\n<p style=\"text-align: justify;\">Okol\u00ed Jesen\u00edku je pokryto prameny, jejich\u017e pr\u016fzra\u010dn\u011b \u010dist\u00e1 voda zah\u00e1n\u00ed \u017e\u00edze\u0148 i p\u0159in\u00e1\u0161\u00ed uzdraven\u00ed.<\/p>\n<p style=\"text-align: justify;\">Autor p\u00edsn\u011b, kterou jste pr\u00e1v\u011b sly\u0161eli, p\u00ed\u0161e v origin\u00e1lu textu n\u00e1sleduj\u00edc\u00ed vyzn\u00e1n\u00ed:<\/p>\n<p style=\"text-align: justify;\"><em>&#8222;Tak, jako je voda \u017e\u00edzniv\u00e9mu, kr\u00e1sa o\u010d\u00edm, tak jako s\u00edla, kter\u00e1 p\u0159ich\u00e1z\u00ed po bezmocnosti, \u00a0jako je pravda nam\u00edsto l\u017ei, jako \u010das zp\u011bvu, \u010das jara, \u010das l\u00e9ta &#8211; takov\u00fd je m\u016fj P\u00e1n, m\u016fj \u017eiv\u00fd P\u00e1n. Takov\u00fd je m\u016fj P\u00e1n ke mn\u011b.&#8220;<\/em><\/p>\n<p style=\"text-align: justify;\">Nejenom sama\u0159sk\u00e1 \u017eena, ale i my, kte\u0159\u00ed proch\u00e1z\u00edme lesn\u00edmi cestami v okol\u00ed l\u00e1zn\u00ed a nab\u00edr\u00e1me do dlan\u011b vodu z pramene, tou\u017e\u00edme po n\u011b\u010dem, co zah\u00e1n\u00ed nejenom \u017e\u00edze\u0148, ale i vyprahlost du\u0161e.\u00a0A stejn\u011b jako sama\u0159sk\u00e9 \u017een\u011b i n\u00e1m nab\u00edz\u00ed Je\u017e\u00ed\u0161 vodu, kter\u00e1 se v \u010dlov\u011bku st\u00e1v\u00e1 pramenem vyv\u011braj\u00edc\u00edm k v\u011b\u010dn\u00e9mu \u017eivotu (Jan 4,14). Zd\u00e1 se, \u017ee autor p\u00edsn\u011b tuto vodu p\u0159ijal a ve sv\u00fdch textech rozd\u00e1v\u00e1 d\u00e1l, aby se i dal\u0161\u00ed lid\u00e9 mohli s Je\u017e\u00ed\u0161em, zdrojem ob\u010derstven\u00ed, setkat.<\/p>\n<p style=\"text-align: justify;\">Autor p\u00edsn\u011b, pastor\u00a0Timothy Dudley-Smith, se narodil v roce 1926 v\u00a0Manchesteru a letos 26. prosince bude m\u00edt, d\u00e1-li P\u00e1n, 90 let. K p\u00edsni &#8222;Jak z\u0159\u00eddlo vody \u017eiv\u00e9&#8220; napsalo melodii n\u011bkolik autor\u016f. V na\u0161\u00ed verzi je autorem melodie tak\u00e9 Angli\u010dan, o p\u011bt a p\u016fl let star\u0161\u00ed metodistick\u00fd kazatel\u00a0T. Brian Colemann. Jeho melodie, z\u00e1\u0159iv\u011b jasn\u00e1 a pr\u016fzra\u010dn\u00e1 jako horsk\u00fd pramen, p\u016fsob\u00ed jako l\u00e9k. P\u0159in\u00e1\u0161\u00ed radost a pokoj, \u00falevu pro \u010dlov\u011bka obt\u00ed\u017een\u00e9ho starostmi.<\/p>\n<p style=\"text-align: justify;\">Druh\u00e1 sloka p\u00edsn\u011b m\u00e1 v p\u016fvodn\u00edm textu tato slova:<em> &#8222;Jako ticho tam, kde jsou hlu\u010dn\u00e9 davy lid\u00ed, jako uti\u0161en\u00ed, kter\u00e9 p\u0159ich\u00e1z\u00ed po bolesti, jako setk\u00e1n\u00ed t\u011bch, kte\u0159\u00ed byli od sebe odlou\u010deni, jako slunce, kter\u00e9 vysvitne po de\u0161ti, jako sv\u011btlo m\u011bs\u00edce a hv\u011bzd a slune\u010dn\u00edch paprsk\u016f pronikaj\u00edc\u00edch do hlubin mo\u0159e &#8211;\u00a0 takov\u00fd je m\u016fj P\u00e1n, m\u016fj \u017eiv\u00fd P\u00e1n. Takov\u00fd je m\u016fj P\u00e1n ke mn\u011b.&#8220;<\/em><\/p>\n<p style=\"text-align: justify;\">Kdy\u017e poslouch\u00e1me p\u00edse\u0148, sly\u0161\u00edme v n\u00ed pozv\u00e1n\u00ed. Pozv\u00e1n\u00ed dom\u016f, kde si \u010dlov\u011bk, unaven\u00fd pout\u00ed po t\u00e9to zemi, bude moci kone\u010dn\u011b odpo\u010dinout. <em>&#8222;Jako sp\u00e1nek t\u011blu vy\u010derpan\u00e9mu hore\u010dkou, jako zlat\u00e9 paprsky nam\u00edsto skli\u010duj\u00edc\u00ed \u0161edi, \u00a0jako vysvobozen\u00ed ze zajet\u00ed (a vykoupen\u00ed z otroctv\u00ed), jako sv\u00edt\u00e1n\u00ed do nov\u00e9ho dne, jako domov pro ty, kte\u0159\u00ed jsou na cest\u00e1ch, domov, po kter\u00e9m v\u0161ichni tou\u017e\u00edme &#8211; tak takov\u00fd je m\u016fj P\u00e1n, m\u016fj \u017eiv\u00fd P\u00e1n. Takov\u00fd je m\u016fj P\u00e1n ke mn\u011b.&#8220;<\/em><\/p>\n<p style=\"text-align: justify;\">&#8222;Jak chladn\u00e1 voda znaven\u00e9 du\u0161i je dobr\u00e1 zpr\u00e1va z dalek\u00e9 zem\u011b&#8220; (P\u0159\u00edslov\u00ed 25,25). Jak ob\u010derstvuj\u00edc\u00ed voda je dobr\u00e1 zpr\u00e1va ze zem\u011b, kterou pro n\u00e1s Je\u017e\u00ed\u0161 p\u0159ichystal. Zaposlouchejme se znovu do melodie p\u00edsn\u011b, ke kter\u00e9 p\u0159id\u00e1v\u00e1me text z \u010desk\u00e9ho zp\u011bvn\u00edku. K\u00e9\u017e i v\u00e1m p\u0159inese pokoj a napln\u00ed v\u00e1s radost\u00ed.<\/p>\n<audio class=\"wp-audio-shortcode\" id=\"audio-1554-2\" preload=\"none\" style=\"width: 100%;\" controls=\"controls\"><source type=\"audio\/mpeg\" src=\"http:\/\/jesenik.casd.cz\/wp-content\/uploads\/2016\/01\/Jak-zridlo-vody-zive-181.mp3?_=2\" \/><a href=\"http:\/\/jesenik.casd.cz\/wp-content\/uploads\/2016\/01\/Jak-zridlo-vody-zive-181.mp3\">http:\/\/jesenik.casd.cz\/wp-content\/uploads\/2016\/01\/Jak-zridlo-vody-zive-181.mp3<\/a><\/audio>\n<p style=\"text-align: justify;\">1.<\/p>\n<p style=\"text-align: justify;\">Jak z\u0159\u00eddlo vody \u017eiv\u00e9 je\u017e \u017e\u00edze\u0148 uhas\u00ed,<\/p>\n<p style=\"text-align: justify;\">jak s\u00edla du\u0161i slab\u00e9 je\u017e s\u00a0h\u0159\u00edchem z\u00e1pas\u00ed,<\/p>\n<p style=\"text-align: justify;\">jak jarn\u00ed i letn\u00ed \u010das p\u00edsn\u00ed rozj\u00e1s\u00e1n &#8211;<\/p>\n<p style=\"text-align: justify;\">hle, takov\u00fd je P\u00e1n Je\u017e\u00ed\u0161, m\u016fj P\u0159\u00edtel a m\u016fj P\u00e1n.<\/p>\n<p style=\"text-align: justify;\">2.<\/p>\n<p style=\"text-align: justify;\">Jak m\u00edsto k\u0159iku ticho a m\u00edr po v\u00e1l\u010den\u00ed,<\/p>\n<p style=\"text-align: justify;\">jak radost ze setk\u00e1n\u00ed po smutku lou\u010den\u00ed.<\/p>\n<p style=\"text-align: justify;\">Jak m\u011bs\u00edc a slunce, kdy\u017e z\u00e1\u0159\u00ed v\u00a0mo\u0159e l\u00e1n \u2013<\/p>\n<p style=\"text-align: justify;\">hle, takov\u00fd je P\u00e1n Je\u017e\u00ed\u0161, m\u016fj P\u0159\u00edtel a m\u016fj P\u00e1n.<\/p>\n<p style=\"text-align: justify;\">3.<\/p>\n<p style=\"text-align: justify;\">Jak sp\u00e1nek v\u00a0utrpen\u00ed, je\u017e d\u00e1 zapomenout,<\/p>\n<p style=\"text-align: justify;\">jak volnost po otroctv\u00ed, jak kl\u00ed\u010d od h\u0159\u00edcha pout.<\/p>\n<p style=\"text-align: justify;\">V\u00a0n\u011bm poutn\u00edk ji\u017e vid\u00ed sv\u016fj domov doko\u0159\u00e1n \u2013<\/p>\n<p style=\"text-align: justify;\">hle, takov\u00fd je P\u00e1n Je\u017e\u00ed\u0161, m\u016fj P\u0159\u00edtel a m\u016fj P\u00e1n.<\/p>\n<p style=\"text-align: justify;\"><img loading=\"lazy\" decoding=\"async\" class=\"alignnone  wp-image-1558\" src=\"http:\/\/jesenik.casd.cz\/wp-content\/uploads\/2016\/01\/Kopie-DSCF3299.jpg\" alt=\"Kopie - DSCF3299\" width=\"726\" height=\"544\" srcset=\"https:\/\/jesenik.casd.cz\/wp-content\/uploads\/2016\/01\/Kopie-DSCF3299.jpg 1024w, https:\/\/jesenik.casd.cz\/wp-content\/uploads\/2016\/01\/Kopie-DSCF3299-300x225.jpg 300w\" sizes=\"auto, (max-width: 726px) 100vw, 726px\" \/><\/p>\n<p style=\"text-align: justify;\">Prvn\u00ed fotografii pro v\u00e1s po\u0159\u00eddila Ludmila Jano\u0161t\u00edkov\u00e1, druhou Radek Kamler.<\/p>\n","protected":false},"excerpt":{"rendered":"<p>K dne\u0161n\u00edmu rozj\u00edm\u00e1n\u00ed v\u00e1m p\u0159in\u00e1\u0161\u00edme p\u00edse\u0148 &#8222;Jak z\u0159\u00eddlo vody \u017eiv\u00e9&#8220; \u010d\u00edslo 181 ze zp\u011bvn\u00edku Zp\u00edvejme Hospodinu\u00a0v kytarov\u00e9m pod\u00e1n\u00ed Jaroslava Jano\u0161t\u00edka: &nbsp; Kdo z Jesen\u00edku by neznal Vincence Priessnitze? Za\u010dal u n\u00e1s vyu\u017e\u00edvat l\u00e9\u010divou s\u00edlu pramenit\u00e9 vody, d\u00edky kter\u00e9 se b\u011bhem &hellip; <a href=\"https:\/\/jesenik.casd.cz\/?p=1554\">Cel\u00fd p\u0159\u00edsp\u011bvek <span class=\"meta-nav\">&rarr;<\/span><\/a><\/p>\n","protected":false},"author":1,"featured_media":1558,"comment_status":"open","ping_status":"open","sticky":true,"template":"","format":"standard","meta":{"ngg_post_thumbnail":0,"footnotes":""},"categories":[1,14],"tags":[],"class_list":["post-1554","post","type-post","status-publish","format-standard","has-post-thumbnail","hentry","category-nezarazene","category-pisne"],"_links":{"self":[{"href":"https:\/\/jesenik.casd.cz\/index.php?rest_route=\/wp\/v2\/posts\/1554","targetHints":{"allow":["GET"]}}],"collection":[{"href":"https:\/\/jesenik.casd.cz\/index.php?rest_route=\/wp\/v2\/posts"}],"about":[{"href":"https:\/\/jesenik.casd.cz\/index.php?rest_route=\/wp\/v2\/types\/post"}],"author":[{"embeddable":true,"href":"https:\/\/jesenik.casd.cz\/index.php?rest_route=\/wp\/v2\/users\/1"}],"replies":[{"embeddable":true,"href":"https:\/\/jesenik.casd.cz\/index.php?rest_route=%2Fwp%2Fv2%2Fcomments&post=1554"}],"version-history":[{"count":12,"href":"https:\/\/jesenik.casd.cz\/index.php?rest_route=\/wp\/v2\/posts\/1554\/revisions"}],"predecessor-version":[{"id":1571,"href":"https:\/\/jesenik.casd.cz\/index.php?rest_route=\/wp\/v2\/posts\/1554\/revisions\/1571"}],"wp:featuredmedia":[{"embeddable":true,"href":"https:\/\/jesenik.casd.cz\/index.php?rest_route=\/wp\/v2\/media\/1558"}],"wp:attachment":[{"href":"https:\/\/jesenik.casd.cz\/index.php?rest_route=%2Fwp%2Fv2%2Fmedia&parent=1554"}],"wp:term":[{"taxonomy":"category","embeddable":true,"href":"https:\/\/jesenik.casd.cz\/index.php?rest_route=%2Fwp%2Fv2%2Fcategories&post=1554"},{"taxonomy":"post_tag","embeddable":true,"href":"https:\/\/jesenik.casd.cz\/index.php?rest_route=%2Fwp%2Fv2%2Ftags&post=1554"}],"curies":[{"name":"wp","href":"https:\/\/api.w.org\/{rel}","templated":true}]}}