{"id":1596,"date":"2016-02-05T13:10:55","date_gmt":"2016-02-05T12:10:55","guid":{"rendered":"http:\/\/jesenik.casd.cz\/?p=1596"},"modified":"2016-02-05T13:10:55","modified_gmt":"2016-02-05T12:10:55","slug":"kdyz-mir-jako-proud","status":"publish","type":"post","link":"https:\/\/jesenik.casd.cz\/?p=1596","title":{"rendered":"&#8222;Kdy\u017e m\u00edr jako proud&#8220;"},"content":{"rendered":"<p style=\"text-align: justify;\">Zn\u00e1te staroz\u00e1konn\u00ed p\u0159\u00edb\u011bh o Jobovi?<\/p>\n<p style=\"text-align: justify;\">Bohat\u00e9ho v\u011b\u0159\u00edc\u00edho mu\u017ee, vysoce postaven\u00e9ho a uzn\u00e1van\u00e9ho, postihuje jedna r\u00e1na za druhou. Nejd\u0159\u00edve se ztr\u00e1ty t\u00fdkaj\u00ed jeho majetku a potom i jeho milovan\u00fdch d\u011bt\u00ed. Pro\u017e\u00edv\u00e1 \u00fazkost. V\u00a0n\u00e1\u0159ku se pt\u00e1 Boha sv\u00fdm: \u201ePRO\u010c?\u201c. T\u00edm stejn\u00fdm \u201epro\u010d\u201c, kter\u00e9 denn\u011b zazn\u00edv\u00e1 z\u00a0\u00fast tis\u00edc\u016f lid\u00ed. \u201ePro\u010d? Bo\u017ee, v\u017edy\u0165 jsem ti tolik d\u016fv\u011b\u0159oval&#8230; Pro\u010d? Bo\u017ee, v\u017edy\u0165 t\u011b miluji a slou\u017e\u00edm ti&#8230;. Kdybych se byl rad\u011bji nenarodil. M\u00e9 tr\u00e1pen\u00ed je v\u011bt\u0161\u00ed, ne\u017e mohu un\u00e9st. A ty m\u011b nesly\u0161\u00ed\u0161&#8230; Kde v\u016fbec jsi? Moc t\u011b te\u010f pot\u0159ebuji. Odpov\u011bz mi, pros\u00edm&#8230;.\u201c A B\u016fh odpov\u00edd\u00e1: Napl\u0148uje sv\u00fdm pokojem. Takov\u00fdm pokojem, kter\u00fd m\u016f\u017ee d\u00e1t jen On s\u00e1m.<\/p>\n<p style=\"text-align: justify;\">Podobn\u00fd p\u0159\u00edb\u011bh pro\u017eil se svou \u017eenou Annou p\u0159ed t\u00e9m\u011b\u0159 p\u0159ed 150 lety i autor textu na\u0161\u00ed dne\u0161n\u00ed p\u00edsn\u011b <strong>Horatio Gates Spafford,<\/strong>\u00a0zap\u00e1len\u00fd Bo\u017e\u00ed slu\u017eebn\u00edk.<\/p>\n<p style=\"text-align: justify;\">Prvn\u00ed rodinnou trag\u00e9di\u00ed byla ztr\u00e1ta jejich \u010dty\u0159let\u00e9ho syna Horatia. Zem\u0159el na sp\u00e1lu. Rok po t\u00e9to smutn\u00e9 ud\u00e1losti vypukl v\u00a0Chicagu, kde bydleli, obrovsk\u00fd po\u017e\u00e1r a rodina p\u0159i\u0161la o velkou \u010d\u00e1st sv\u00e9ho majetku \u2013 nemovitosti, do kter\u00fdch H. G. Spafford jako pr\u00e1vn\u00edk investoval.\u00a0A jak\u00e1 byla reakce man\u017eel\u016f Spaffordov\u00fdch? Milosrdn\u00e1 pomoc t\u011bm, kte\u0159\u00ed se kv\u016fli po\u017e\u00e1ru ocitli v\u00a0nouzi.<\/p>\n<p style=\"text-align: justify;\">Aby se vzpamatovali ze sv\u00fdch ztr\u00e1t, rozhodli se Spaffordovi, \u017ee pojedou na dovolenou do Anglie. Cht\u011bli se tam p\u0159ipojit k evangeliza\u010dn\u00edm p\u0159edn\u00e1\u0161k\u00e1m sv\u00e9ho rodinn\u00e9ho p\u0159\u00edtele D. L. Moodyho. Anna s dcerami odplula nap\u0159ed a\u00a0H. Spafford, kter\u00fd o\u010dek\u00e1val zpr\u00e1vu o \u0161\u0165astn\u00e9m dojezdu, dostal od sv\u00e9 \u017eeny telegram s textem: \u201eSaved alone&#8230;\u201c (&#8222;Sama zachr\u00e1n\u011bna&#8230;&#8220;) Ihned se vydal za n\u00ed. Pobl\u00ed\u017e britsk\u00fdch b\u0159eh\u016f, kde 22. listopadu 1873 parn\u00edk Ville du Havre ztroskotal a kde spolu s\u00a0dal\u0161\u00edmi 222 lidmi zahynula i jeho dvoulet\u00e1 dcerka Tanetta, p\u011btilet\u00e1 Elizabeth, dev\u00edtilet\u00e1 Margaret Lee a jeden\u00e1ctilet\u00e1 Anna, si Horatia zavolal na m\u016fstek kapit\u00e1n, aby mu ta m\u00edsta uk\u00e1zal. Kdy\u017e se pak pozd\u011bji o t\u00e9 chv\u00edli H. Spafford vyj\u00e1d\u0159\u00edl, napsal, \u017ee poc\u00edtil ve sv\u00e9 du\u0161i zvl\u00e1\u0161tn\u00ed pokoj. Jeho milovan\u00e9 dcery jsou u\u017e v\u00a0bezpe\u010d\u00ed.<\/p>\n<p style=\"text-align: justify;\">Tak\u00e9 Anna vn\u00edmala, \u017ee ji P\u00e1n pot\u011b\u0161uje a jednoho dne j\u00ed odpov\u00ed i na jej\u00ed: \u201ePro\u010d?\u201c. Te\u010f si p\u0159ipom\u00ednala slova, kter\u00e1 kdysi sly\u0161ela od sv\u00e9ho p\u0159\u00edtele: \u201e<em>Je jednoduch\u00e9 b\u00fdt vd\u011b\u010dn\u00fd a dobr\u00fd, kdy\u017e m\u00e1\u0161 v\u0161eho dost. Sna\u017e se v\u0161ak b\u00fdt Bo\u017e\u00edm p\u0159\u00edtelem nejenom za dobr\u00e9ho po\u010das\u00ed.\u201c<\/em><\/p>\n<p style=\"text-align: justify;\">Horatio Gates Spafford je\u0161t\u011b na lodi vytvo\u0159il, jako reakci na sv\u00e9 hlubok\u00e9 rozpolo\u017een\u00ed, prvn\u00ed \u010d\u00e1st na\u0161\u00ed dne\u0161n\u00ed p\u00edsn\u011b. Slova pln\u00e1 nad\u011bje a d\u016fv\u011bry P\u00e1nu.<\/p>\n<p style=\"text-align: justify;\">P\u00edse\u0148 \u010d\u00edslo 152 ze zp\u011bvn\u00edku &#8222;Zp\u00edvejme Hospodinu&#8220; nazvanou <strong>&#8222;Kdy\u017e m\u00edr jako proud&#8220;<\/strong> hraje na kytaru Jaroslav Jano\u0161t\u00edk.V origin\u00e1le nese tato p\u00edse\u0148 n\u00e1zev <strong>&#8222;It Is Well with My Soul&#8220;<\/strong> (M\u00e9 du\u0161i je dob\u0159e).<\/p>\n<audio class=\"wp-audio-shortcode\" id=\"audio-1596-1\" preload=\"none\" style=\"width: 100%;\" controls=\"controls\"><source type=\"audio\/mpeg\" src=\"http:\/\/jesenik.casd.cz\/wp-content\/uploads\/2016\/02\/Kdyz-mir-jako-proud-152.mp3?_=1\" \/><a href=\"http:\/\/jesenik.casd.cz\/wp-content\/uploads\/2016\/02\/Kdyz-mir-jako-proud-152.mp3\">http:\/\/jesenik.casd.cz\/wp-content\/uploads\/2016\/02\/Kdyz-mir-jako-proud-152.mp3<\/a><\/audio>\n<p>&nbsp;<\/p>\n<p style=\"text-align: justify;\"><strong>Kdy\u017e m\u00edr jako proud<\/strong><\/p>\n<p style=\"text-align: justify;\">1.<\/p>\n<p style=\"text-align: justify;\">Kdy\u017e m\u00edr jako proud cestu mou zaplav\u00ed, \u010di z\u00e1rmutek rve du\u0161i mou,<\/p>\n<p style=\"text-align: justify;\">p\u0159ec v\u00edm, v\u00a0nebes\u00edch \u017eije B\u016fh laskav\u00fd a on tou\u017e\u00ed mne vz\u00edt v\u00a0n\u00e1ru\u010d svou.<\/p>\n<p style=\"text-align: justify;\">Ref:<\/p>\n<p style=\"text-align: justify;\">Nemus\u00edm v\u00edc se b\u00e1t, du\u0161e m\u00e1, zti\u0161 se, B\u016fh m\u00e1 t\u011b r\u00e1d.<\/p>\n<p style=\"text-align: justify;\">2.<\/p>\n<p style=\"text-align: justify;\">J\u00e1 s\u00e1m nemus\u00edm sn\u00e1\u0161et trest za sv\u016fj h\u0159\u00edch, v\u017edy\u0165 m\u00edsto mne P\u00e1n nesl k\u0159\u00ed\u017e<\/p>\n<p style=\"text-align: justify;\">a l\u00e9k pro mne m\u00e1 v\u00a0p\u0159edrah\u00fdch ran\u00e1ch sv\u00fdch, proto d\u00edk k\u00a0nebes\u016fm stoup\u00e1 v\u00fd\u0161.<\/p>\n<p style=\"text-align: justify;\">3.<\/p>\n<p style=\"text-align: justify;\">Dnes v\u00edrou je sm\u00edm vid\u011bt nebesk\u00fd c\u00edl, v\u0161ak v\u00edm, \u017ee u\u017e bl\u00edzko je \u010das,<\/p>\n<p style=\"text-align: justify;\">kdy P\u00e1n p\u0159ijde k\u00a0n\u00e1m, abych s\u00a0n\u00edm v\u011b\u010dn\u011b \u017eil, pak i j\u00e1 vej\u00edt sm\u00edm do \u00a0t\u011bch kr\u00e1s.<\/p>\n<p style=\"text-align: justify;\">Po t\u00e9to trag\u00e9dii, kterou \u00a0Spaffordovi pro\u017eili, m\u011bli je\u0161t\u011b 3 d\u011bti \u2013 dv\u011b dcery a syna, o kter\u00e9ho op\u011bt tragicky p\u0159i\u0161li. S\u00a0dcerou Berthou a p\u016fro\u010dn\u00ed Grace se potom odst\u011bhovali do Jeruzal\u00e9ma. Tam spole\u010dn\u011b s\u00a0n\u011bkolika dal\u0161\u00edmi p\u0159\u00e1teli slou\u017eili pot\u0159ebn\u00fdm. Nezaho\u0159kli, ale svou bolest p\u0159etavili do nov\u00e9ho, zral\u00e9ho vztahu k Bohu a k\u00a0lidem. Pom\u00e1hali chud\u00fdm, starali se o nemocn\u00e9, p\u0159ij\u00edmali d\u011bti bez domova. Rozd\u00e1vali d\u00e1l l\u00e1sku, kterou od Je\u017e\u00ed\u0161e p\u0159ij\u00edmali.<\/p>\n<p style=\"text-align: justify;\">K\u00a0p\u00edsni, kter\u00e1 m\u011bla p\u016fvodn\u011b v origin\u00e1le 4 sloky, byla pozd\u011bji dops\u00e1na je\u0161t\u011b i posledn\u00ed p\u00e1t\u00e1 sloka a tak\u00e9 melodie, kterou slo\u017eil <strong>Philip Paul Bliss<\/strong>. Ta melodie byla pojmenov\u00e1na po on\u00e9 ztroskotan\u00e9 lodi <strong>\u201eVille du Havre\u201c<\/strong>.<\/p>\n<p style=\"text-align: justify;\">\u010cty\u0159i dny p\u0159ed sv\u00fdmi \u0161edes\u00e1t\u00fdmi narozeninami zem\u0159el Horatio Gates Spafford v\u00a0Jeruzal\u00e9m\u011b na mal\u00e1rii. Jeho \u017eena Anna pokra\u010dovala d\u00e1l ve slu\u017eb\u011b v\u00a0okol\u00ed Jeruzal\u00e9ma je\u0161t\u011b dal\u0161\u00edch 30 let.<\/p>\n<p style=\"text-align: justify;\">Jemn\u00e9 t\u00f3ny p\u00edsn\u011b, kter\u00e1 p\u0159\u00edb\u011bh Spaffordov\u00fdch p\u0159ipom\u00edn\u00e1, mohou b\u00fdt pohlazen\u00edm pro v\u0161echny, kte\u0159\u00ed p\u0159edkl\u00e1daj\u00ed P\u00e1nu sv\u00e1 zoufal\u00e1 &#8222;pro\u010d&#8220;.<\/p>\n<audio class=\"wp-audio-shortcode\" id=\"audio-1596-2\" preload=\"none\" style=\"width: 100%;\" controls=\"controls\"><source type=\"audio\/mpeg\" src=\"http:\/\/jesenik.casd.cz\/wp-content\/uploads\/2016\/02\/Kdyz-mir-jako-proud-152.mp3?_=2\" \/><a href=\"http:\/\/jesenik.casd.cz\/wp-content\/uploads\/2016\/02\/Kdyz-mir-jako-proud-152.mp3\">http:\/\/jesenik.casd.cz\/wp-content\/uploads\/2016\/02\/Kdyz-mir-jako-proud-152.mp3<\/a><\/audio>\n<p><img loading=\"lazy\" decoding=\"async\" class=\"alignnone size-full wp-image-1605\" src=\"http:\/\/jesenik.casd.cz\/wp-content\/uploads\/2016\/02\/Kopie-2-P1110389.jpg\" alt=\"Kopie (2) - P1110389\" width=\"1024\" height=\"768\" srcset=\"https:\/\/jesenik.casd.cz\/wp-content\/uploads\/2016\/02\/Kopie-2-P1110389.jpg 1024w, https:\/\/jesenik.casd.cz\/wp-content\/uploads\/2016\/02\/Kopie-2-P1110389-300x225.jpg 300w\" sizes=\"auto, (max-width: 1024px) 100vw, 1024px\" \/><\/p>\n<p>Foto Bronislava Hyvnarov\u00e1<\/p>\n","protected":false},"excerpt":{"rendered":"<p>Zn\u00e1te staroz\u00e1konn\u00ed p\u0159\u00edb\u011bh o Jobovi? Bohat\u00e9ho v\u011b\u0159\u00edc\u00edho mu\u017ee, vysoce postaven\u00e9ho a uzn\u00e1van\u00e9ho, postihuje jedna r\u00e1na za druhou. Nejd\u0159\u00edve se ztr\u00e1ty t\u00fdkaj\u00ed jeho majetku a potom i jeho milovan\u00fdch d\u011bt\u00ed. Pro\u017e\u00edv\u00e1 \u00fazkost. V\u00a0n\u00e1\u0159ku se pt\u00e1 Boha sv\u00fdm: \u201ePRO\u010c?\u201c. T\u00edm stejn\u00fdm \u201epro\u010d\u201c, &hellip; <a href=\"https:\/\/jesenik.casd.cz\/?p=1596\">Cel\u00fd p\u0159\u00edsp\u011bvek <span class=\"meta-nav\">&rarr;<\/span><\/a><\/p>\n","protected":false},"author":1,"featured_media":1605,"comment_status":"open","ping_status":"open","sticky":true,"template":"","format":"standard","meta":{"ngg_post_thumbnail":0,"footnotes":""},"categories":[1,14],"tags":[],"class_list":["post-1596","post","type-post","status-publish","format-standard","has-post-thumbnail","hentry","category-nezarazene","category-pisne"],"_links":{"self":[{"href":"https:\/\/jesenik.casd.cz\/index.php?rest_route=\/wp\/v2\/posts\/1596","targetHints":{"allow":["GET"]}}],"collection":[{"href":"https:\/\/jesenik.casd.cz\/index.php?rest_route=\/wp\/v2\/posts"}],"about":[{"href":"https:\/\/jesenik.casd.cz\/index.php?rest_route=\/wp\/v2\/types\/post"}],"author":[{"embeddable":true,"href":"https:\/\/jesenik.casd.cz\/index.php?rest_route=\/wp\/v2\/users\/1"}],"replies":[{"embeddable":true,"href":"https:\/\/jesenik.casd.cz\/index.php?rest_route=%2Fwp%2Fv2%2Fcomments&post=1596"}],"version-history":[{"count":9,"href":"https:\/\/jesenik.casd.cz\/index.php?rest_route=\/wp\/v2\/posts\/1596\/revisions"}],"predecessor-version":[{"id":1607,"href":"https:\/\/jesenik.casd.cz\/index.php?rest_route=\/wp\/v2\/posts\/1596\/revisions\/1607"}],"wp:featuredmedia":[{"embeddable":true,"href":"https:\/\/jesenik.casd.cz\/index.php?rest_route=\/wp\/v2\/media\/1605"}],"wp:attachment":[{"href":"https:\/\/jesenik.casd.cz\/index.php?rest_route=%2Fwp%2Fv2%2Fmedia&parent=1596"}],"wp:term":[{"taxonomy":"category","embeddable":true,"href":"https:\/\/jesenik.casd.cz\/index.php?rest_route=%2Fwp%2Fv2%2Fcategories&post=1596"},{"taxonomy":"post_tag","embeddable":true,"href":"https:\/\/jesenik.casd.cz\/index.php?rest_route=%2Fwp%2Fv2%2Ftags&post=1596"}],"curies":[{"name":"wp","href":"https:\/\/api.w.org\/{rel}","templated":true}]}}