{"id":1616,"date":"2016-02-12T14:23:16","date_gmt":"2016-02-12T13:23:16","guid":{"rendered":"http:\/\/jesenik.casd.cz\/?p=1616"},"modified":"2016-02-12T14:31:15","modified_gmt":"2016-02-12T13:31:15","slug":"kdo-bude-v-stanku-tvem","status":"publish","type":"post","link":"https:\/\/jesenik.casd.cz\/?p=1616","title":{"rendered":"&#8222;Kdo bude v st\u00e1nku tv\u00e9m?&#8220;"},"content":{"rendered":"<p style=\"text-align: justify;\">Kdy\u017e jsem chodila na z\u00e1kladn\u00ed \u0161kolu, m\u011bli jsme skv\u011bl\u00e9ho u\u010ditele p\u0159\u00edrodov\u011bdy. Krom\u011b jin\u00e9ho jsem se p\u0159i jeho v\u00fduce nadchla pro ur\u010dov\u00e1n\u00ed rostlin podle kl\u00ed\u010de. Bylo to pro m\u011b opravdu dobrodru\u017estv\u00ed. Jak se to d\u011bl\u00e1? Sta\u010d\u00ed se zam\u011b\u0159it na d\u016fle\u017eit\u00e9 znaky. Podle nich pak lehce za\u0159ad\u00edte rostliny do skupin a pak je tak\u00e9 m\u016f\u017eete pojmenovat. Plat\u00ed n\u011bco takov\u00e9ho i pro lidi? Je to tak\u00e9 tak jednoduch\u00e9 poznat, kam pat\u0159\u00edm? Podle jak\u00fdch znak\u016f to ur\u010d\u00edm?<\/p>\n<p style=\"text-align: justify;\">V 15. \u017ealmu, \u017ealmu kr\u00e1le Davida je jeden z kl\u00ed\u010d\u016f, podle kter\u00e9ho se ten, kdo u\u017e n\u00e1le\u017e\u00ed Bohu, m\u016f\u017ee zkoumat. Podle ovoce se toti\u017e pozn\u00e1 nejenom strom, ale i \u010dlov\u011bk&#8230;<\/p>\n<p style=\"text-align: justify;\">Kdy\u017e pou\u017eijeme slova tohoto \u017ealmu, \u00a0najdeme vlastnosti lid\u00ed, kte\u0159\u00ed si na nic nehraj\u00ed, ale skute\u010dn\u011b \u017eij\u00ed sv\u016fj \u017eivot s\u00a0Bohem. Proto se budou i na obnoven\u00e9 Zemi t\u011b\u0161it z\u00a0jeho p\u0159\u00edtomnosti. 15. \u017ealm za\u010d\u00edn\u00e1 ot\u00e1zkou (p\u0159eklad z Pr\u016fvodce \u017eivotem): <em>\u201ePane m\u016fj, koho p\u0159ijme\u0161, aby s\u00a0tebou bydlil, kdo v\u00a0tv\u00e9 p\u0159\u00edtomnosti bude m\u00edt domov na v\u011bky?\u201c.\u00a0<\/em><\/p>\n<p style=\"text-align: justify;\">V 15. \u017ealmu je to tedy v\u0161echno p\u011bkn\u011b seps\u00e1no. V Bl\u00edzkosti Bo\u017e\u00ed je a bude ten, kdo:<\/p>\n<p style=\"text-align: justify;\"><em>&#8211; \u017eije bez\u00fahonn\u011b, proto\u017ee se \u0159\u00edd\u00ed Bo\u017e\u00edm p\u0159ik\u00e1z\u00e1n\u00edm a pravdu \u0159\u00edk\u00e1 z\u00a0up\u0159\u00edmn\u00e9ho srdce,<\/em><\/p>\n<p style=\"text-align: justify;\"><em>&#8211; ne\u0161\u00ed\u0159\u00ed pomluvy, neur\u00e1\u017e\u00ed druh\u00e9 a za dobr\u00e9 nikdy neopl\u00e1c\u00ed zl\u00fdm,<\/em><\/p>\n<p style=\"text-align: justify;\"><em>&#8211; ned\u00e1 na toho, jen\u017e pohrd\u00e1 Bohem, v\u00e1\u017e\u00ed t\u011bch, kdo se Boha boj\u00ed,<\/em><\/p>\n<p style=\"text-align: justify;\"><em>&#8211; spln\u00ed slib, i kdyby t\u0159eba \u0161kodu utrp\u011bl, sv\u00e9 slovo spln\u00ed cele, beze zm\u011bn,<\/em><\/p>\n<p style=\"text-align: justify;\"><em>&#8211; odm\u00edt\u00e1 bohatnout na lidsk\u00e9 nouzi a ned\u00e1 se podplatit proti bez\u00fahonn\u00e9mu. <\/em><\/p>\n<p style=\"text-align: justify;\"><em>Kdo takto jedn\u00e1, bude st\u00e1t pevn\u011b.<\/em><\/p>\n<p style=\"text-align: justify;\">Tak do t\u00e9hle podoby n\u00e1s m\u016f\u017ee prom\u011b\u0148ovat Bo\u017e\u00ed milost, jeho nekone\u010dn\u00e1 l\u00e1ska a \u017eivot v jeho p\u0159\u00edtomnosti.<\/p>\n<p style=\"text-align: justify;\">Slova 15. \u017ealmu se oz\u00fdvaj\u00ed i v\u00a0dne\u0161n\u00ed p\u00edsni. Jej\u00ed melodii si op\u011bt m\u016f\u017eete poslechnout v\u00a0pod\u00e1n\u00ed kytaristy Jaroslava Jano\u0161t\u00edka. Je to p\u00edse\u0148 \u010d\u00edslo 246 ze zp\u011bvn\u00edku Zp\u00edvejme Hospodinu a m\u00e1 n\u00e1zev\u00a0<strong>\u201eKdo bude v\u00a0st\u00e1nku tv\u00e9m\u201c.<\/strong><\/p>\n<audio class=\"wp-audio-shortcode\" id=\"audio-1616-1\" preload=\"none\" style=\"width: 100%;\" controls=\"controls\"><source type=\"audio\/mpeg\" src=\"http:\/\/jesenik.casd.cz\/wp-content\/uploads\/2016\/02\/Kdo-bude-v-st\u00e1nku-tv\u00e9m-246.mp3?_=1\" \/><a href=\"http:\/\/jesenik.casd.cz\/wp-content\/uploads\/2016\/02\/Kdo-bude-v-st\u00e1nku-tv\u00e9m-246.mp3\">http:\/\/jesenik.casd.cz\/wp-content\/uploads\/2016\/02\/Kdo-bude-v-st\u00e1nku-tv\u00e9m-246.mp3<\/a><\/audio>\n<h1 style=\"text-align: justify;\"><strong><span style=\"font-size: 12pt;\">Kdo bude v\u00a0st\u00e1nku tv\u00e9m<\/span><\/strong><\/h1>\n<p style=\"text-align: justify;\"><span style=\"font-size: 16px;\"><span style=\"font-size: 10pt;\">1.<\/span>\u00a0<\/span>Kdo bude, Pane, bydlet v\u00a0st\u00e1nku tv\u00e9m,<\/p>\n<p style=\"text-align: justify;\">na ho\u0159e svat\u00e9 tv\u00e9 kdo m\u016f\u017ee b\u00fdt?<\/p>\n<p style=\"text-align: justify;\">Kdo v\u00a0up\u0159\u00edmnosti chod\u00ed, bli\u017en\u00edm sv\u00fdm kdo neu\u0161kod\u00ed,<\/p>\n<p style=\"text-align: justify;\">ten na svat\u00e9 ho\u0159e tvoj\u00ed bude \u017e\u00edt.<\/p>\n<p style=\"text-align: justify;\">2. Kdo bude, Pane, bydlet v\u00a0st\u00e1nku tv\u00e9m,<\/p>\n<p style=\"text-align: justify;\">na ho\u0159e svat\u00e9 tv\u00e9 kdo m\u016f\u017ee b\u00fdt?<\/p>\n<p style=\"text-align: justify;\">Kdo h\u00e1j\u00ed jin\u00fdch pr\u00e1va, ka\u017ed\u00e9mu, co jeho, d\u00e1v\u00e1,<\/p>\n<p style=\"text-align: justify;\">ten na svat\u00e9 ho\u0159e tvoj\u00ed bude \u017e\u00edt.<\/p>\n<p style=\"text-align: justify;\">3. Kdo bude, Pane, bydlet v\u00a0st\u00e1nku tv\u00e9m,<\/p>\n<p style=\"text-align: justify;\">na ho\u0159e svat\u00e9 tv\u00e9 kdo m\u016f\u017ee b\u00fdt?<\/p>\n<p style=\"text-align: justify;\">Kdo pevn\u011b v\u00a0pravd\u011b stoj\u00ed, vytrv\u00e1 ve v\u00edry boji,<\/p>\n<p style=\"text-align: justify;\">ten na svat\u00e9 ho\u0159e tvoj\u00ed bude \u017e\u00edt.<\/p>\n<audio class=\"wp-audio-shortcode\" id=\"audio-1616-2\" preload=\"none\" style=\"width: 100%;\" controls=\"controls\"><source type=\"audio\/mpeg\" src=\"http:\/\/jesenik.casd.cz\/wp-content\/uploads\/2016\/02\/Kdo-bude-v-st\u00e1nku-tv\u00e9m-246.mp3?_=2\" \/><a href=\"http:\/\/jesenik.casd.cz\/wp-content\/uploads\/2016\/02\/Kdo-bude-v-st\u00e1nku-tv\u00e9m-246.mp3\">http:\/\/jesenik.casd.cz\/wp-content\/uploads\/2016\/02\/Kdo-bude-v-st\u00e1nku-tv\u00e9m-246.mp3<\/a><\/audio>\n<p style=\"text-align: justify;\">Autor melodie t\u00e9to n\u00e1dhern\u00e9 p\u00edsn\u011b se jmenuje Alfred Arthur Graley. Narodil se 12. \u0159\u00edjna 1813 v\u00a0Lond\u00fdn\u011b a \u017eil do roku 1905. Kdy\u017e mu bylo 19 let, tak spolu se sv\u00fdm star\u0161\u00edm bratrem odplul lod\u00ed do New Yorku. Tam nejprve n\u011bkolik let pracoval jako \u0161vec. Ve 25 letech vyznal ve\u0159ejn\u011b svou v\u00edru v\u00a0Boha a za\u010dal slou\u017eit v Presbyteri\u00e1nsk\u00e9 c\u00edrkvi ve Wampsville v New Yorku. Co je\u0161t\u011b zm\u00ednit z\u00a0jeho \u017eivota? Snad to, \u017ee svou prvn\u00ed \u017eenu ztratil po 3 m\u011bs\u00edc\u00edch. Jeho druh\u00e1 \u017eena, kdy\u017e zem\u0159ela, mu zanechala p\u011bt mal\u00fdch d\u011bt\u00ed a tak se o\u017eenil pot\u0159et\u00ed. Nem\u011bl jednoduch\u00fd \u017eivot&#8230;<\/p>\n<p style=\"text-align: justify;\">R\u00e1d psal duchovn\u00ed p\u00edsn\u011b. Napsal slova nebo hudbu k\u00a0v\u00edce ne\u017e 150 hymn\u016fm. Z na\u0161ich zp\u011bvn\u00edk\u016f zn\u00e1me jeho p\u00edse\u0148 \u010d\u00edslo 384 \u201eChce\u0161\u00a0 v\u00a0ml\u00e1d\u00ed sv\u00e9m b\u00fdt k\u0159es\u0165anem\u201c a tak\u00e9 napsal melodii k\u00a0p\u00edsni \u010d\u00edslo 336 \u201eJak mnoho pr\u00e1ce\u201c.<\/p>\n<p style=\"text-align: justify;\">A co ta dne\u0161n\u00ed p\u00edse\u0148? Nastavuje zrcadlo i m\u00e9mu k\u0159es\u0165ansk\u00e9mu \u017eivotu? Skv\u011blou zpr\u00e1vou je, \u017ee n\u00e1m P\u00e1n ka\u017ed\u00fd den d\u00e1v\u00e1 novou \u0161anci a na\u0161e nedokonalosti p\u0159ekr\u00fdv\u00e1 svou milost\u00ed.<\/p>\n<p style=\"text-align: justify;\"><img loading=\"lazy\" decoding=\"async\" class=\"alignnone size-full wp-image-1618\" src=\"http:\/\/jesenik.casd.cz\/wp-content\/uploads\/2016\/02\/Kopie-2-IMG_4018.jpg\" alt=\"Kopie (2) - IMG_4018\" width=\"670\" height=\"503\" srcset=\"https:\/\/jesenik.casd.cz\/wp-content\/uploads\/2016\/02\/Kopie-2-IMG_4018.jpg 670w, https:\/\/jesenik.casd.cz\/wp-content\/uploads\/2016\/02\/Kopie-2-IMG_4018-300x225.jpg 300w\" sizes=\"auto, (max-width: 670px) 100vw, 670px\" \/><\/p>\n<p style=\"text-align: justify;\">Foto Bronislava Hyvnarov\u00e1<\/p>\n","protected":false},"excerpt":{"rendered":"<p>Kdy\u017e jsem chodila na z\u00e1kladn\u00ed \u0161kolu, m\u011bli jsme skv\u011bl\u00e9ho u\u010ditele p\u0159\u00edrodov\u011bdy. Krom\u011b jin\u00e9ho jsem se p\u0159i jeho v\u00fduce nadchla pro ur\u010dov\u00e1n\u00ed rostlin podle kl\u00ed\u010de. Bylo to pro m\u011b opravdu dobrodru\u017estv\u00ed. Jak se to d\u011bl\u00e1? Sta\u010d\u00ed se zam\u011b\u0159it na d\u016fle\u017eit\u00e9 znaky. &hellip; <a href=\"https:\/\/jesenik.casd.cz\/?p=1616\">Cel\u00fd p\u0159\u00edsp\u011bvek <span class=\"meta-nav\">&rarr;<\/span><\/a><\/p>\n","protected":false},"author":1,"featured_media":1618,"comment_status":"open","ping_status":"open","sticky":true,"template":"","format":"standard","meta":{"ngg_post_thumbnail":0,"footnotes":""},"categories":[1,14],"tags":[],"class_list":["post-1616","post","type-post","status-publish","format-standard","has-post-thumbnail","hentry","category-nezarazene","category-pisne"],"_links":{"self":[{"href":"https:\/\/jesenik.casd.cz\/index.php?rest_route=\/wp\/v2\/posts\/1616","targetHints":{"allow":["GET"]}}],"collection":[{"href":"https:\/\/jesenik.casd.cz\/index.php?rest_route=\/wp\/v2\/posts"}],"about":[{"href":"https:\/\/jesenik.casd.cz\/index.php?rest_route=\/wp\/v2\/types\/post"}],"author":[{"embeddable":true,"href":"https:\/\/jesenik.casd.cz\/index.php?rest_route=\/wp\/v2\/users\/1"}],"replies":[{"embeddable":true,"href":"https:\/\/jesenik.casd.cz\/index.php?rest_route=%2Fwp%2Fv2%2Fcomments&post=1616"}],"version-history":[{"count":10,"href":"https:\/\/jesenik.casd.cz\/index.php?rest_route=\/wp\/v2\/posts\/1616\/revisions"}],"predecessor-version":[{"id":1629,"href":"https:\/\/jesenik.casd.cz\/index.php?rest_route=\/wp\/v2\/posts\/1616\/revisions\/1629"}],"wp:featuredmedia":[{"embeddable":true,"href":"https:\/\/jesenik.casd.cz\/index.php?rest_route=\/wp\/v2\/media\/1618"}],"wp:attachment":[{"href":"https:\/\/jesenik.casd.cz\/index.php?rest_route=%2Fwp%2Fv2%2Fmedia&parent=1616"}],"wp:term":[{"taxonomy":"category","embeddable":true,"href":"https:\/\/jesenik.casd.cz\/index.php?rest_route=%2Fwp%2Fv2%2Fcategories&post=1616"},{"taxonomy":"post_tag","embeddable":true,"href":"https:\/\/jesenik.casd.cz\/index.php?rest_route=%2Fwp%2Fv2%2Ftags&post=1616"}],"curies":[{"name":"wp","href":"https:\/\/api.w.org\/{rel}","templated":true}]}}