{"id":1696,"date":"2016-03-04T14:53:49","date_gmt":"2016-03-04T13:53:49","guid":{"rendered":"http:\/\/jesenik.casd.cz\/?p=1696"},"modified":"2016-03-04T14:53:56","modified_gmt":"2016-03-04T13:53:56","slug":"apostolska","status":"publish","type":"post","link":"https:\/\/jesenik.casd.cz\/?p=1696","title":{"rendered":"&#8222;Apo\u0161tolsk\u00e1&#8220;"},"content":{"rendered":"<p style=\"text-align: justify;\">Poj\u010fme si dnes spole\u010dn\u011b otev\u0159\u00edt zp\u011bvn\u00edk k\u0159es\u0165ansk\u00fdch p\u00edsn\u00ed s n\u00e1zvem &#8222;Chci oslavovat&#8220;. P\u00edsn\u011b jsou tady rozd\u011bleny<br \/>\ndo dvou \u010d\u00e1st\u00ed a v ka\u017ed\u00e9 \u010d\u00e1sti se\u0159azeny podle abecedy. Tou \u00fapln\u011b prvn\u00ed je p\u00edse\u0148 s n\u00e1zvem &#8222;Apo\u0161tolsk\u00e1&#8220;. Poslechn\u011bte si ji\u00a0v pod\u00e1n\u00ed kytaristy Jaroslava Jano\u0161t\u00edka.<\/p>\n<audio class=\"wp-audio-shortcode\" id=\"audio-1696-1\" preload=\"none\" style=\"width: 100%;\" controls=\"controls\"><source type=\"audio\/mpeg\" src=\"http:\/\/jesenik.casd.cz\/wp-content\/uploads\/2016\/03\/Apostolsk\u00e1-1.mp3?_=1\" \/><a href=\"http:\/\/jesenik.casd.cz\/wp-content\/uploads\/2016\/03\/Apostolsk\u00e1-1.mp3\">http:\/\/jesenik.casd.cz\/wp-content\/uploads\/2016\/03\/Apostolsk\u00e1-1.mp3<\/a><\/audio>\n<p>&nbsp;<\/p>\n<p style=\"text-align: justify;\">Je to kr\u00e1sn\u00e1 p\u00edse\u0148 s kr\u00e1sn\u00fdm n\u00e1zvem &#8211; ale jak to sed\u00ed dohromady? Co maj\u00ed slova p\u00edsn\u011b s n\u00e1zvem spole\u010dn\u00e9ho? Pro\u010d p\u00edse\u0148 <strong>&#8222;Apo\u0161tolsk\u00e1&#8220;<\/strong> za\u010d\u00edn\u00e1 slovy: <em>&#8222;Pros\u00edme T\u011b, dej n\u00e1m, Pane, s\u00edlu, chceme <strong>za\u010d\u00edt<\/strong> podle slov Tv\u00fdch \u017e\u00edt&#8220;<\/em>?<\/p>\n<p style=\"text-align: justify;\">Kdyby to byla p\u00edse\u0148 n\u011bjak\u00fdch h\u0159\u00ed\u0161n\u00edk\u016f, tak by to bylo pochopiteln\u00e9. Ale co m\u00e1 tato prosba spole\u010dn\u00e9ho s apo\u0161toly? A co m\u00e1 spole\u010dn\u00e9ho s n\u00e1mi? A kdo je to v\u016fbec apo\u0161tol?<\/p>\n<p style=\"text-align: justify;\">Kdy\u017e \u0159eknete slovo &#8222;apo\u0161tol&#8220;, tak se mnoh\u00fdm vybav\u00ed sochy z orloje Starom\u011bstsk\u00e9 radnice: svat\u00fd Petr zved\u00e1 ruku<br \/>\nk po\u017eehn\u00e1n\u00ed, svat\u00fd Pavel k\u00fdvne na znamen\u00ed souhlasu, svat\u00fd Jan dr\u017e\u00ed kalich a svat\u00fd Ond\u0159ej k\u0159\u00ed\u017e. Dvan\u00e1ct apo\u0161tol\u016f, dvan\u00e1ct mu\u017e\u016f jejich\u017e hlavy zdob\u00ed svatoz\u00e1\u0159. Hod\u00ed se k nim slova dne\u0161n\u00ed p\u00edsn\u011b?<\/p>\n<p style=\"text-align: justify;\">Poj\u010fme se na to pod\u00edvat do historie:<\/p>\n<p style=\"text-align: justify;\">Nov\u00fd biblick\u00fd slovn\u00edk uv\u00e1d\u00ed, \u017ee slovo apo\u0161tol znamen\u00e1 <strong>poslan\u00fd<\/strong>. Je mo\u017en\u00e9, \u017ee i na\u0161e \u010desk\u00e9 slovo &#8222;posel&#8220; je s n\u00edm p\u0159\u00edbuzn\u00e9. V knize Nov\u00e9ho z\u00e1kona m\u00e1 slovo &#8222;apo\u0161tolov\u00e9&#8220; zvl\u00e1\u0161tn\u00ed v\u00fdznam. Je to skupina dvan\u00e1cti mu\u017e\u016f, kter\u00e9 si Je\u017e\u00ed\u0161 vybral, <strong>aby byli s n\u00edm<\/strong>. Pak je <strong>poslal<\/strong> k\u00e1zat a dal jim moc uzdravovat a vym\u00edtat d\u00e9mony.<\/p>\n<p style=\"text-align: justify;\">A jac\u00ed vlastn\u011b byli tito hrdinov\u00e9? Nahl\u00e9dn\u011bme do n\u011bkolika situac\u00ed z jejich \u017eivota.<\/p>\n<p style=\"text-align: justify;\">Jednou se Je\u017e\u00ed\u0161 spolu se sv\u00fdmi dvan\u00e1cti plavil na lo\u010fce na druh\u00fd b\u0159eh Genezaretsk\u00e9ho jezera. P\u00ed\u0161e o tom nap\u0159. Luk\u00e1\u0161 8,22-25. Strhla se obrovsk\u00e1 bou\u0159e s vich\u0159ic\u00ed. Ti, kte\u0159\u00ed byli na lodi s Je\u017e\u00ed\u0161em, se c\u00edtili ve velk\u00e9m nebezpe\u010d\u00ed a d\u011blali v\u0161echno pro to, aby se zachr\u00e1nili. Kde byla jejich v\u00edra, kdy\u017e se lo\u010f kym\u00e1cela? A kdy\u017e pak Je\u017e\u00ed\u0161 mocn\u00fdm hlasem bou\u0159i uti\u0161il, zd\u011bsili se a \u017easli nad t\u00edm.<\/p>\n<p style=\"text-align: justify;\">A v 9. kapitole popisuje Luk\u00e1\u0161 p\u0159\u00edb\u011bh o z\u00e1stupech lid\u00ed, kte\u0159\u00ed n\u00e1sledovali Je\u017e\u00ed\u0161e. Lid\u00e9 u\u017e byli unaven\u00ed a hladov\u00ed a u\u010dedn\u00edci cht\u011bli po Je\u017e\u00ed\u0161i, aby z\u00e1stupy rozpustil. Ten zase navrhoval, aby oni sami p\u0159i\u0161li na zp\u016fsob, jak lidi nasytit. Apo\u0161tolov\u00e9 byli bl\u00edzko Toho, kter\u00fd m\u00e1 moc ud\u011blat cokoli, a p\u0159esto je \u017e\u00e1dn\u00e9 rozumn\u00e9 \u0159e\u0161en\u00ed nenapadlo. Je\u017e\u00ed\u0161 pak z\u00e1stupy z\u00e1zra\u010dn\u00fdm zp\u016fsobem nasytil a pokra\u010doval s apo\u0161toly v cest\u011b. A oni? V\u0161imli si, \u017ee maj\u00ed v lo\u010fce jenom jeden chleba a h\u00e1dali se, kdo za to m\u016f\u017ee. M\u011bli obavy, \u017ee jim to nebude sta\u010dit a budou m\u00edt hlad.\u00a0(Marek 8,14)<\/p>\n<p style=\"text-align: justify;\">To jsou apo\u0161tolov\u00e9. Sv\u00e1d\u011bj\u00ed vinu jeden na druh\u00e9ho a cht\u011bj\u00ed se p\u0159edv\u00e9st v lep\u0161\u00edm sv\u011btle.\u00a0H\u00e1daj\u00ed\u00a0se mezi sebou, kdo z nich je d\u016fle\u017eit\u011bj\u0161\u00ed. \u010casto Je\u017e\u00ed\u0161i nev\u011b\u0159\u00ed. Mnohdy maj\u00ed strach. M\u00edsto modliteb je p\u0159em\u00e1h\u00e1 sp\u00e1nek. Vychloubaj\u00ed se a pak zklamou. Pochybuj\u00ed.<\/p>\n<p style=\"text-align: justify;\">Ale t\u00edm jejich p\u0159\u00edb\u011bh nekon\u010d\u00ed. V bl\u00edzkosti Je\u017e\u00ed\u0161e si uv\u011bdomuj\u00ed sv\u00e9 prohry, sv\u00e9 slabosti, sv\u00e9 h\u0159\u00edchy. Je\u017e\u00ed\u0161 jim hled\u00ed do o\u010d\u00ed. S<span style=\"font-size: 13px;\">\u00a0l\u00e1skou k nim promlouv\u00e1, pom\u00e1h\u00e1 jim ke zm\u011bn\u011b, uji\u0161\u0165uje je o sv\u00e9 p\u00e9\u010di, d\u00e1v\u00e1 jim sv\u00e9ho Ducha.<\/span><\/p>\n<p style=\"text-align: justify;\">Kdy\u017e se s t\u011bmi p\u0159\u00edb\u011bhy sezn\u00e1m\u00edme, pak si u\u017e l\u00e9pe dovedeme p\u0159edstavit apo\u0161toly jako lidi, kte\u0159\u00ed pros\u00ed o s\u00edlu ve zkou\u0161k\u00e1ch. Vid\u00edme je jako ty, kte\u0159\u00ed za\u010d\u00ednaj\u00ed znovu a znovu, kte\u0159\u00ed tou\u017e\u00ed s Bo\u017e\u00ed pomoc\u00ed \u017e\u00edt podle Kristov\u00fdch slov.<\/p>\n<p style=\"text-align: justify;\">Stejn\u00e9 je to i s n\u00e1mi, dne\u0161n\u00edmi apo\u0161toly. P\u00e1na u\u017e n\u011bjak\u00fd ten \u010das pozn\u00e1v\u00e1me, chod\u00edme s N\u00edm a p\u0159esto se st\u00e1le znovu<br \/>\na znovu z na\u0161ich \u00fast oz\u00fdv\u00e1 prosba: <em>&#8222;<strong>Pros\u00edme T\u011b, dej n\u00e1m, Pane, s\u00edlu, chceme za\u010d\u00edt podle slov Tv\u00fdch \u017e\u00edt&#8220;.<\/strong><\/em><\/p>\n<p style=\"text-align: justify;\">A to nen\u00ed prohra. Je to za\u010d\u00e1tek v\u00edt\u011bzstv\u00ed.<\/p>\n<audio class=\"wp-audio-shortcode\" id=\"audio-1696-2\" preload=\"none\" style=\"width: 100%;\" controls=\"controls\"><source type=\"audio\/mpeg\" src=\"http:\/\/jesenik.casd.cz\/wp-content\/uploads\/2016\/03\/Apostolsk\u00e1-1.mp3?_=2\" \/><a href=\"http:\/\/jesenik.casd.cz\/wp-content\/uploads\/2016\/03\/Apostolsk\u00e1-1.mp3\">http:\/\/jesenik.casd.cz\/wp-content\/uploads\/2016\/03\/Apostolsk\u00e1-1.mp3<\/a><\/audio>\n<p>&nbsp;<\/p>\n<p style=\"text-align: justify;\">Pros\u00edme T\u011b, dej n\u00e1m, Pane, s\u00edlu,<br \/>\nchceme za\u010d\u00edt podle slov Tv\u00fdch \u017e\u00edt.<br \/>\nV\u011b\u0159\u00edme, \u017ee jednou budem v m\u00edru<br \/>\nu Tv\u00e9ho stolu spole\u010dn\u011b v\u00edno p\u00edt.<\/p>\n<p style=\"text-align: justify;\">D\u00edvej se na v\u0161echny na\u0161e zkou\u0161ky,<br \/>\njak se ut\u00e1p\u00edme v starostech.<br \/>\nBez Tebe by sv\u011bt byl jenom pou\u0161t\u00ed,<br \/>\nbez Tebe by \u017eivot nem\u011bl v\u016fbec \u017e\u00e1dn\u00fd c\u00edl.<\/p>\n<p style=\"text-align: justify;\">Pros\u00edme T\u011b, dej n\u00e1m, Pane, s\u00edlu,<br \/>\nchceme za\u010d\u00edt podle slov Tv\u00fdch \u017e\u00edt.<br \/>\nV\u011b\u0159\u00edme, \u017ee jednou budem v m\u00edru<br \/>\nu Tv\u00e9ho stolu spole\u010dn\u011b v\u00edno p\u00edt.<\/p>\n<p style=\"text-align: justify;\"><img loading=\"lazy\" decoding=\"async\" class=\"alignnone size-full wp-image-1699\" src=\"http:\/\/jesenik.casd.cz\/wp-content\/uploads\/2016\/03\/100_6089.jpg\" alt=\"100_6089\" width=\"768\" height=\"1024\" srcset=\"https:\/\/jesenik.casd.cz\/wp-content\/uploads\/2016\/03\/100_6089.jpg 768w, https:\/\/jesenik.casd.cz\/wp-content\/uploads\/2016\/03\/100_6089-225x300.jpg 225w\" sizes=\"auto, (max-width: 768px) 100vw, 768px\" \/><\/p>\n<p style=\"text-align: justify;\">Foto: Jaroslav Jano\u0161t\u00edk<\/p>\n","protected":false},"excerpt":{"rendered":"<p>Poj\u010fme si dnes spole\u010dn\u011b otev\u0159\u00edt zp\u011bvn\u00edk k\u0159es\u0165ansk\u00fdch p\u00edsn\u00ed s n\u00e1zvem &#8222;Chci oslavovat&#8220;. P\u00edsn\u011b jsou tady rozd\u011bleny do dvou \u010d\u00e1st\u00ed a v ka\u017ed\u00e9 \u010d\u00e1sti se\u0159azeny podle abecedy. Tou \u00fapln\u011b prvn\u00ed je p\u00edse\u0148 s n\u00e1zvem &#8222;Apo\u0161tolsk\u00e1&#8220;. Poslechn\u011bte si ji\u00a0v pod\u00e1n\u00ed kytaristy Jaroslava &hellip; <a href=\"https:\/\/jesenik.casd.cz\/?p=1696\">Cel\u00fd p\u0159\u00edsp\u011bvek <span class=\"meta-nav\">&rarr;<\/span><\/a><\/p>\n","protected":false},"author":1,"featured_media":1698,"comment_status":"open","ping_status":"open","sticky":true,"template":"","format":"standard","meta":{"ngg_post_thumbnail":0,"footnotes":""},"categories":[1,14],"tags":[],"class_list":["post-1696","post","type-post","status-publish","format-standard","has-post-thumbnail","hentry","category-nezarazene","category-pisne"],"_links":{"self":[{"href":"https:\/\/jesenik.casd.cz\/index.php?rest_route=\/wp\/v2\/posts\/1696","targetHints":{"allow":["GET"]}}],"collection":[{"href":"https:\/\/jesenik.casd.cz\/index.php?rest_route=\/wp\/v2\/posts"}],"about":[{"href":"https:\/\/jesenik.casd.cz\/index.php?rest_route=\/wp\/v2\/types\/post"}],"author":[{"embeddable":true,"href":"https:\/\/jesenik.casd.cz\/index.php?rest_route=\/wp\/v2\/users\/1"}],"replies":[{"embeddable":true,"href":"https:\/\/jesenik.casd.cz\/index.php?rest_route=%2Fwp%2Fv2%2Fcomments&post=1696"}],"version-history":[{"count":20,"href":"https:\/\/jesenik.casd.cz\/index.php?rest_route=\/wp\/v2\/posts\/1696\/revisions"}],"predecessor-version":[{"id":1721,"href":"https:\/\/jesenik.casd.cz\/index.php?rest_route=\/wp\/v2\/posts\/1696\/revisions\/1721"}],"wp:featuredmedia":[{"embeddable":true,"href":"https:\/\/jesenik.casd.cz\/index.php?rest_route=\/wp\/v2\/media\/1698"}],"wp:attachment":[{"href":"https:\/\/jesenik.casd.cz\/index.php?rest_route=%2Fwp%2Fv2%2Fmedia&parent=1696"}],"wp:term":[{"taxonomy":"category","embeddable":true,"href":"https:\/\/jesenik.casd.cz\/index.php?rest_route=%2Fwp%2Fv2%2Fcategories&post=1696"},{"taxonomy":"post_tag","embeddable":true,"href":"https:\/\/jesenik.casd.cz\/index.php?rest_route=%2Fwp%2Fv2%2Ftags&post=1696"}],"curies":[{"name":"wp","href":"https:\/\/api.w.org\/{rel}","templated":true}]}}