{"id":1746,"date":"2016-03-18T12:21:02","date_gmt":"2016-03-18T11:21:02","guid":{"rendered":"http:\/\/jesenik.casd.cz\/?p=1746"},"modified":"2016-03-24T19:52:06","modified_gmt":"2016-03-24T18:52:06","slug":"vola-jezis-ovce-ztracene","status":"publish","type":"post","link":"https:\/\/jesenik.casd.cz\/?p=1746","title":{"rendered":"&#8222;Vol\u00e1 Je\u017e\u00ed\u0161 ovce ztracen\u00e9&#8220;"},"content":{"rendered":"<p>Mil\u00ed poslucha\u010di,<\/p>\n<p>p\u0159ejeme v\u00e1m kr\u00e1sn\u00fd den a zveme v\u00e1s k poslechu melodie zn\u00e1m\u00e9 p\u00edsn\u011b Ji\u0159\u00edho Zmo\u017eka &#8222;Vol\u00e1 Je\u017e\u00ed\u0161 ovce ztracen\u00e9&#8220;.<\/p>\n<p>Na kytaru hraje Jaroslav Jano\u0161t\u00edk.<\/p>\n<audio class=\"wp-audio-shortcode\" id=\"audio-1746-1\" preload=\"none\" style=\"width: 100%;\" controls=\"controls\"><source type=\"audio\/mpeg\" src=\"http:\/\/jesenik.casd.cz\/wp-content\/uploads\/2016\/03\/Vola-Jezis-ovce-ztracene-Zmo\u017eek-128-kb.mp3?_=1\" \/><a href=\"http:\/\/jesenik.casd.cz\/wp-content\/uploads\/2016\/03\/Vola-Jezis-ovce-ztracene-Zmo\u017eek-128-kb.mp3\">http:\/\/jesenik.casd.cz\/wp-content\/uploads\/2016\/03\/Vola-Jezis-ovce-ztracene-Zmo\u017eek-128-kb.mp3<\/a><\/audio>\n<p>&nbsp;<\/p>\n<p style=\"text-align: justify;\">V let\u00e1\u010dku Brn\u011bnsk\u00e9 tiskov\u00e9 misie jsem se do\u010detla, \u017ee p\u00edse\u0148 Ji\u0159\u00edho Zmo\u017eka &#8222;Vol\u00e1 Je\u017e\u00ed\u0161 ovce ztracen\u00e9&#8220; vznikla na n\u00e1m\u011bt slovensk\u00e9 evangelick\u00e9 spisovatelky Krist\u00edny Royov\u00e9. To jm\u00e9no jsem p\u0159ed t\u00edm nikdy nesly\u0161ela. Rozhodla jsem se tedy<br \/>\no t\u00e9to \u017een\u011b n\u011bco zjistit a t\u00edm jsem tak\u00e9 objevila jej\u00ed pr\u00f3zu a za\u010detla se se do n\u00ed. Byly to n\u00e1dhern\u011b str\u00e1ven\u00e9 ve\u010dern\u00ed chv\u00edle.<\/p>\n<p style=\"text-align: justify;\">Krist\u00edna Royov\u00e1 spolu se star\u0161\u00ed sestrou Mari\u00ed psala p\u00edsn\u011b, zhudeb\u0148ovala je a nacvi\u010dovala s d\u011btmi. \u00a0Tak\u00e9 pravideln\u011b \u00a0\u010detla spolu s d\u011btmi i dosp\u011bl\u00fdmi biblick\u00e9 p\u0159\u00edb\u011bhy a pov\u00eddali si o nich. A tito jej\u00ed p\u0159\u00e1tel\u00e9 byli i v\u011brn\u00fdmi poslucha\u010di jej\u00ed liter\u00e1rn\u00ed tvorby.<\/p>\n<p style=\"text-align: justify;\">Svahy kolem Krist\u00edjiny rodn\u00e9 Star\u00e9 Tur\u00e9 byly posety ove\u010dkami a tak jist\u011b nebylo n\u00e1hodou, \u017ee jej\u00ed prvn\u00ed pr\u00f3za &#8222;Bez Boha na sv\u011bt\u011b&#8220; byla o chud\u00e9m past\u00fd\u0159i Martinkovi, jeho ove\u010dk\u00e1ch i Martinkov\u011b cest\u011b za t\u00edm nejskv\u011blej\u0161\u00edm Past\u00fd\u0159em, Je\u017e\u00ed\u0161em Kristem.<\/p>\n<p style=\"text-align: justify;\">A jak pov\u00eddka vznikla?\u00a0V roce 1893 uposlechla Krist\u00edna Royov\u00e1 ve\u0159ejnou v\u00fdzvu, &#8222;aby u\u017e kone\u010dn\u011b n\u011bkdo <strong><em>pro Boha <\/em><\/strong>napsal n\u011bco pro d\u011bti&#8220;. Ta slova &#8222;pro Boha&#8220; se Krist\u00edny tak dotkla, \u017ee si sedla ke sv\u00ed\u010dce a napsala novelu &#8222;Bez Boha na sv\u011bt\u011b&#8220;, kter\u00e1 se postupn\u011b stala nejp\u0159ekl\u00e1dan\u011bj\u0161\u00ed slovenskou pr\u00f3zou. Byla p\u0159elo\u017eena do 28 jazyk\u016f v\u010detn\u011b \u010d\u00edn\u0161tiny.<\/p>\n<p style=\"text-align: justify;\">Novela &#8222;Bez Boha na sv\u011bt\u011b&#8220; je poutav\u00fdm p\u0159\u00edb\u011bhem sirotka Martinka, kter\u00fd byl obecn\u00edm pas\u00e1\u010dkem. Tou\u017e\u00ed poznat Boha &#8211;<br \/>\na P\u00e1n B\u016fh se mu d\u00e1v\u00e1 poznat. Tou\u017e\u00ed po Bibli &#8211; a dostane ji. Tou\u017e\u00ed nav\u0161t\u011bvovat bohoslu\u017eby &#8211; i tohle p\u0159\u00e1n\u00ed se mu spln\u00ed. Tou\u017e\u00ed se nau\u010dit \u010d\u00edst &#8211; a d\u00edky dal\u0161\u00edmu chlapci, sirotkovi, o kter\u00e9ho se star\u00e1, se \u010d\u00edst nau\u010d\u00ed &#8211; a dokonce m\u016f\u017ee s n\u00edm i n\u011bjak\u00fd \u010das chodit do \u0161koly! Tou\u017e\u00ed pochopit Bo\u017e\u00ed milost a l\u00e1sku, cht\u011bl by v\u00edce rozum\u011bt tomu, jak Je\u017e\u00ed\u0161 hled\u00e1 ztracen\u00e9 &#8211; a tak\u00e9 tohle p\u0159\u00e1n\u00ed se mu spln\u00ed. Kdy\u017e se mu zatoul\u00e1 ove\u010dka a Martinko ji zachra\u0148uje, v\u017e\u00edv\u00e1 se do p\u0159\u00edb\u011bhu Je\u017e\u00ed\u0161e a s\u00e1m tak\u00e9 na n\u00e1sledky zran\u011bn\u00ed pozd\u011bji zem\u0159e.<\/p>\n<p style=\"text-align: justify;\">Kdy\u017e jsem se do tohoto p\u0159\u00edb\u011bhu za\u010detla, za\u010dal mi d\u011bj vystupovat p\u0159\u00edmo p\u0159ed o\u010dima.<\/p>\n<p style=\"text-align: justify;\">Jak\u00fd je to B\u016fh, kter\u00fd se o n\u00e1s s l\u00e1skou star\u00e1, kter\u00fd n\u00e1s jako ovce vod\u00ed na travnat\u00e1 m\u00edsta u vod?<\/p>\n<p style=\"text-align: justify;\">Jak je to mo\u017en\u00e9, \u017ee ta jedna neposlu\u0161n\u00e1 zatoulan\u00e1 ovce, kter\u00e1 by si zaslou\u017eila trest, se st\u00e1v\u00e1 pro Je\u017e\u00ed\u0161e v onu chv\u00edli, kdy se ztrat\u00ed, tou jedinou na sv\u011bt\u011b?<\/p>\n<p style=\"text-align: justify;\">Jakou obrovskou radost past\u00fd\u0159 pro\u017e\u00edv\u00e1, kdy\u017e ji najde, otev\u0159e j\u00ed svou n\u00e1ru\u010d, bere ji na sv\u00e1 ramena a nese dom\u016f?<\/p>\n<p style=\"text-align: justify;\">Vn\u00edm\u00e1me p\u00e9\u010di Dobr\u00e9ho past\u00fd\u0159e, kter\u00fd n\u00e1s, sv\u00e9 ovce, miluje, i kdy\u017e ho to stoj\u00ed \u017eivot? U N\u011bho jsme v bezpe\u010d\u00ed. Uji\u0161\u0165uje n\u00e1s, \u017ee Mu nikdo Jeho ovce nevytrhne z ruky. Je D\u00e1rcem \u017eivota, Zachr\u00e1ncem i Ochr\u00e1ncem. Jeho ovce sly\u0161\u00ed Jeho hlas<br \/>\na jdou za n\u00edm&#8230;<\/p>\n<p style=\"text-align: justify;\">Do Star\u00e9 Tur\u00e9, kde se Krist\u00edna Royov\u00e1 narodila i zem\u0159ela, jsme jezd\u00edvali kdysi pod stany. Byla jsem nad\u0161en\u00e1<br \/>\nz ove\u010dek na okoln\u00edch svaz\u00edch a obdivovala jsem ty, kte\u0159\u00ed se o n\u011b starali. A d\u00edky ver\u0161\u016fm z Bible, p\u00edsni i p\u0159\u00edb\u011bhu ty vzpom\u00ednky o\u017e\u00edvaj\u00ed\u00a0a dost\u00e1vaj\u00ed nov\u00fd rozm\u011br.<\/p>\n<p>Poj\u010fme tedy je\u0161t\u011b jednou rozj\u00edmat nad p\u00edsn\u00ed &#8222;Vol\u00e1 Je\u017e\u00ed\u0161 ovce ztracen\u00e9&#8220;.<\/p>\n<audio class=\"wp-audio-shortcode\" id=\"audio-1746-2\" preload=\"none\" style=\"width: 100%;\" controls=\"controls\"><source type=\"audio\/mpeg\" src=\"http:\/\/jesenik.casd.cz\/wp-content\/uploads\/2016\/03\/Vola-Jezis-ovce-ztracene-Zmo\u017eek-128-kb.mp3?_=2\" \/><a href=\"http:\/\/jesenik.casd.cz\/wp-content\/uploads\/2016\/03\/Vola-Jezis-ovce-ztracene-Zmo\u017eek-128-kb.mp3\">http:\/\/jesenik.casd.cz\/wp-content\/uploads\/2016\/03\/Vola-Jezis-ovce-ztracene-Zmo\u017eek-128-kb.mp3<\/a><\/audio>\n<p>&nbsp;<\/p>\n<p style=\"text-align: justify;\"><strong>Vol\u00e1 Je\u017e\u00ed\u0161 ovce ztracen\u00e9\u00a0<\/strong><\/p>\n<p style=\"text-align: justify;\">1. Vol\u00e1 Je\u017e\u00ed\u0161 ovce ztracen\u00e9\u00a0po hor\u00e1ch i po dolin\u00e1ch.<\/p>\n<p style=\"text-align: justify;\">Vol\u00e1 Je\u017e\u00ed\u0161 ovce ztracen\u00e9 po m\u011bstech i po d\u011bdin\u00e1ch.<\/p>\n<p style=\"text-align: justify;\">Vol\u00e1 Je\u017e\u00ed\u0161 ovce ztracen\u00e9, vol\u00e1 v\u0161echny utrm\u00e1cen\u00e9,<\/p>\n<p style=\"text-align: justify;\">Jeho srdce zakrv\u00e1cen\u00e9 \/\/: tebe taky vol\u00e1 :\/\/.<\/p>\n<p style=\"text-align: justify;\">Vol\u00e1 Je\u017e\u00ed\u0161 ovce ztracen\u00e9, vol\u00e1 v\u0161echny utrm\u00e1cen\u00e9,<\/p>\n<p style=\"text-align: justify;\">Jeho srdce zakrv\u00e1cen\u00e9 \/\/: tebe taky vol\u00e1 :\/\/.<\/p>\n<p style=\"text-align: justify;\">2. Vol\u00e1 Je\u017e\u00ed\u0161 ovce ztracen\u00e9, k\u00a0pastv\u00e1m zelen\u00fdm je vod\u00ed.<\/p>\n<p style=\"text-align: justify;\"><span style=\"font-size: 13px;\">Vol\u00e1 Je\u017e\u00ed\u0161 ovce ztracen\u00e9, k\u00a0vod\u00e1m tich\u00fdm se s nimi brod\u00ed.<\/span><\/p>\n<p style=\"text-align: justify;\">Vol\u00e1 Je\u017e\u00ed\u0161 ovce ztracen\u00e9, vol\u00e1 v\u0161echny utrm\u00e1cen\u00e9<\/p>\n<p style=\"text-align: justify;\">a Jeho srdce zakrv\u00e1cen\u00e9 \/\/:tebe taky vol\u00e1, tebe taky vol\u00e1 :\/\/.<\/p>\n<p style=\"text-align: justify;\">Vol\u00e1 Je\u017e\u00ed\u0161 ovce ztracen\u00e9, vol\u00e1 v\u0161echny utrm\u00e1cen\u00e9,<\/p>\n<p style=\"text-align: justify;\">Jeho srdce zakrv\u00e1cen\u00e9 \/\/: tebe taky vol\u00e1 :\/\/.<\/p>\n<p style=\"text-align: justify;\"><img loading=\"lazy\" decoding=\"async\" class=\"alignnone size-full wp-image-1752\" src=\"http:\/\/jesenik.casd.cz\/wp-content\/uploads\/2016\/03\/Radkovy-ovce.jpg\" alt=\"Radkovy ovce\" width=\"865\" height=\"649\" srcset=\"https:\/\/jesenik.casd.cz\/wp-content\/uploads\/2016\/03\/Radkovy-ovce.jpg 865w, https:\/\/jesenik.casd.cz\/wp-content\/uploads\/2016\/03\/Radkovy-ovce-300x225.jpg 300w\" sizes=\"auto, (max-width: 865px) 100vw, 865px\" \/><\/p>\n<p>Foto Radek Kamler<\/p>\n","protected":false},"excerpt":{"rendered":"<p>Mil\u00ed poslucha\u010di, p\u0159ejeme v\u00e1m kr\u00e1sn\u00fd den a zveme v\u00e1s k poslechu melodie zn\u00e1m\u00e9 p\u00edsn\u011b Ji\u0159\u00edho Zmo\u017eka &#8222;Vol\u00e1 Je\u017e\u00ed\u0161 ovce ztracen\u00e9&#8220;. Na kytaru hraje Jaroslav Jano\u0161t\u00edk. &nbsp; V let\u00e1\u010dku Brn\u011bnsk\u00e9 tiskov\u00e9 misie jsem se do\u010detla, \u017ee p\u00edse\u0148 Ji\u0159\u00edho Zmo\u017eka &#8222;Vol\u00e1 Je\u017e\u00ed\u0161 &hellip; <a href=\"https:\/\/jesenik.casd.cz\/?p=1746\">Cel\u00fd p\u0159\u00edsp\u011bvek <span class=\"meta-nav\">&rarr;<\/span><\/a><\/p>\n","protected":false},"author":1,"featured_media":1757,"comment_status":"open","ping_status":"open","sticky":true,"template":"","format":"standard","meta":{"ngg_post_thumbnail":0,"footnotes":""},"categories":[1,14],"tags":[],"class_list":["post-1746","post","type-post","status-publish","format-standard","has-post-thumbnail","hentry","category-nezarazene","category-pisne"],"_links":{"self":[{"href":"https:\/\/jesenik.casd.cz\/index.php?rest_route=\/wp\/v2\/posts\/1746","targetHints":{"allow":["GET"]}}],"collection":[{"href":"https:\/\/jesenik.casd.cz\/index.php?rest_route=\/wp\/v2\/posts"}],"about":[{"href":"https:\/\/jesenik.casd.cz\/index.php?rest_route=\/wp\/v2\/types\/post"}],"author":[{"embeddable":true,"href":"https:\/\/jesenik.casd.cz\/index.php?rest_route=\/wp\/v2\/users\/1"}],"replies":[{"embeddable":true,"href":"https:\/\/jesenik.casd.cz\/index.php?rest_route=%2Fwp%2Fv2%2Fcomments&post=1746"}],"version-history":[{"count":29,"href":"https:\/\/jesenik.casd.cz\/index.php?rest_route=\/wp\/v2\/posts\/1746\/revisions"}],"predecessor-version":[{"id":1792,"href":"https:\/\/jesenik.casd.cz\/index.php?rest_route=\/wp\/v2\/posts\/1746\/revisions\/1792"}],"wp:featuredmedia":[{"embeddable":true,"href":"https:\/\/jesenik.casd.cz\/index.php?rest_route=\/wp\/v2\/media\/1757"}],"wp:attachment":[{"href":"https:\/\/jesenik.casd.cz\/index.php?rest_route=%2Fwp%2Fv2%2Fmedia&parent=1746"}],"wp:term":[{"taxonomy":"category","embeddable":true,"href":"https:\/\/jesenik.casd.cz\/index.php?rest_route=%2Fwp%2Fv2%2Fcategories&post=1746"},{"taxonomy":"post_tag","embeddable":true,"href":"https:\/\/jesenik.casd.cz\/index.php?rest_route=%2Fwp%2Fv2%2Ftags&post=1746"}],"curies":[{"name":"wp","href":"https:\/\/api.w.org\/{rel}","templated":true}]}}