{"id":1826,"date":"2016-04-01T08:31:38","date_gmt":"2016-04-01T06:31:38","guid":{"rendered":"http:\/\/jesenik.casd.cz\/?p=1826"},"modified":"2016-04-01T08:31:38","modified_gmt":"2016-04-01T06:31:38","slug":"zda-se-ti-ze-kriz-te-tizi","status":"publish","type":"post","link":"https:\/\/jesenik.casd.cz\/?p=1826","title":{"rendered":"&#8222;Zd\u00e1 se ti, \u017ee k\u0159\u00ed\u017e t\u011b t\u00ed\u017e\u00ed&#8220;"},"content":{"rendered":"<p style=\"text-align: justify;\">Minul\u00fd t\u00fdden jsme si mohli poslechnout p\u00edse\u0148 o Kristov\u011b k\u0159\u00ed\u017ei, tento t\u00fdden n\u00e1s \u010dek\u00e1 p\u00edse\u0148 o k\u0159\u00ed\u017e\u00edch na\u0161ich. V pod\u00e1n\u00ed kytaristy Jaroslava Jano\u0161t\u00edka je to p\u00edse\u0148 \u010d\u00edslo 202 ze zp\u011bvn\u00edku Zp\u00edvejme Hospodinu\u00a0s n\u00e1zvem &#8222;Zd\u00e1 se ti, \u017ee k\u0159\u00ed\u017e t\u011b t\u00ed\u017e\u00ed&#8220;.<\/p>\n<audio class=\"wp-audio-shortcode\" id=\"audio-1826-1\" preload=\"none\" style=\"width: 100%;\" controls=\"controls\"><source type=\"audio\/mpeg\" src=\"http:\/\/jesenik.casd.cz\/wp-content\/uploads\/2016\/03\/Zda-se-ti-\u017ee-k\u0159\u00ed\u017e-t\u011b-t\u00ed\u017e\u00ed-202.mp3?_=1\" \/><a href=\"http:\/\/jesenik.casd.cz\/wp-content\/uploads\/2016\/03\/Zda-se-ti-\u017ee-k\u0159\u00ed\u017e-t\u011b-t\u00ed\u017e\u00ed-202.mp3\">http:\/\/jesenik.casd.cz\/wp-content\/uploads\/2016\/03\/Zda-se-ti-\u017ee-k\u0159\u00ed\u017e-t\u011b-t\u00ed\u017e\u00ed-202.mp3<\/a><\/audio>\n<p>&nbsp;<\/p>\n<p style=\"text-align: justify;\">Vzpom\u00edn\u00e1te si na Je\u017e\u00ed\u0161ovu v\u00fdzvu k nesen\u00ed na\u0161ich k\u0159\u00ed\u017e\u016f z evangeli\u00ed? Oz\u00fdv\u00e1 se tam v\u00edcekr\u00e1t, ale mysl\u00edm na tu dobu, kdy Je\u017e\u00ed\u0161 za\u010dal u\u010dedn\u00edk\u016fm p\u0159ibli\u017eovat budouc\u00ed ud\u00e1losti. Vysv\u011btloval jim, \u017ee mus\u00ed j\u00edt do Jeruzal\u00e9ma, \u017ee bude hodn\u011b trp\u011bt, bude zabit a t\u0159et\u00edho dne bude vzk\u0159\u00ed\u0161en. Petr se ale t\u00e9 my\u0161lence br\u00e1nil. Vzal si Mistra bokem a za\u010dal mu to vymlouvat.\u00a0Je\u017e\u00ed\u0161 nejenom Petra za jeho nech\u00e1pav\u00fd postoj napomenul, ale tak\u00e9 si zavolal v\u0161echny u\u010dedn\u00edky a vysv\u011btlil jim, \u017ee pokud cht\u011bj\u00ed j\u00edt za n\u00edm, maj\u00ed sami sebe zap\u0159\u00edt, ka\u017ed\u00fd den maj\u00ed vz\u00edt sv\u016fj k\u0159\u00ed\u017e a maj\u00ed ho n\u00e1sledovat.<\/p>\n<p style=\"text-align: justify;\">Plat\u00ed tahle v\u00fdzva i pro n\u00e1s? A jestli ano, tak jak?<\/p>\n<p style=\"text-align: justify;\">Cesta n\u00e1sledov\u00e1n\u00ed Je\u017e\u00ed\u0161e a my\u0161lenka nesen\u00ed k\u0159\u00ed\u017ee p\u0159ipad\u00e1 t\u00ed\u017eiv\u00e1 a pochmurn\u00e1, ale p\u00edse\u0148, kterou dnes poslouch\u00e1me, pochmurn\u00e1 jist\u011b nen\u00ed. Zn\u00ed radostn\u011b a jarn\u011b skota\u010div\u011b. Jak to jde dohromady s nesen\u00edm na\u0161eho k\u0159\u00ed\u017ee? V\u017edy\u0165 u\u017e jenom p\u0159i t\u00e9 p\u0159edstav\u011b \u010dlov\u011bk \u010dasto ztr\u00e1c\u00ed nad\u011bji a s\u00edlu!<\/p>\n<p style=\"text-align: justify;\">Pokud ale v\u011b\u0159\u00edme tomu, \u017ee n\u00e1m n\u00e1\u0161 P\u00e1n cestu u\u017e pro\u0161lapal, jde se n\u00e1m mnohem l\u00e9pe. A kdy\u017e si uv\u011bdom\u00edme, \u017ee On s\u00e1m nesl za n\u00e1s na k\u0159\u00ed\u017e n\u00e1\u0161 vlastn\u00ed h\u0159\u00edch, m\u016f\u017eeme si i zp\u00edvat radost\u00ed\u00a0a vd\u011b\u010dnost\u00ed.<\/p>\n<p style=\"text-align: justify;\">P\u00edse\u0148, kterou dnes poslouch\u00e1me, napsali spole\u010dn\u011b n\u011bkdy na p\u0159elomu p\u0159edminul\u00e9ho a minul\u00e9ho stolet\u00ed\u00a0F. A. Lorenz a\u00a0Franklin E. Belden.<\/p>\n<p style=\"text-align: justify;\">F. A. Lorenz nejenom p\u0159ekl\u00e1dal texty hymn\u016f do n\u011bmeck\u00e9ho jazyka, ale s\u00e1m tak\u00e9 texty p\u00edsn\u00ed psal. I slova k t\u00e9to dne\u0161n\u00ed p\u00edsni. A F. E. Belden psal texty i melodie a v na\u0161em zp\u011bvn\u00edku m\u00e1me jeho p\u00edsn\u00ed hned n\u011bkolik.<\/p>\n<p style=\"text-align: justify;\">Jm\u00e9no Franklina Edsona Beldena je \u00fazce spojeno s po\u010d\u00e1tky adventizmu. Byl to synovec Ellen Harmon Whiteov\u00e9. Narodil se\u00a0v Michigenu v Battle Creek jako nejstar\u0161\u00ed z\u00a0p\u011bti d\u011bt\u00ed v\u00a0rodin\u011b Sarah, star\u0161\u00ed Elleniny sestry. Hudbu za\u010dal ps\u00e1t u\u017e jako teenager a\u00a0pozd\u011bji se o\u017eenil s talentovanou hudebnic\u00ed Harriet MacDearmon. Komponoval sv\u00e9 p\u00edsn\u011b spont\u00e1nn\u011b a m\u011bl zvl\u00e1\u0161tn\u00ed schopnost v\u00a0pr\u016fb\u011bhu bohoslu\u017eby p\u0159ipravit p\u00edse\u0148 ur\u010denou pro ukon\u010den\u00ed a shrnut\u00ed k\u00e1z\u00e1n\u00ed.\u00a0On a jeho \u017eena pak na z\u00e1v\u011br bohoslu\u017eby nov\u011b vytvo\u0159enou p\u00edse\u0148 p\u0159ednesli a v\u011bnovali kazateli na pam\u00e1tku. Pro to sv\u00e9 \u00fa\u017easn\u00e9 obdarov\u00e1n\u00ed byl F. E. Belden ozna\u010dov\u00e1n jako \u201esladk\u00fd zp\u011bv\u00e1k Izraele\u201c.<\/p>\n<p style=\"text-align: justify;\">D\u011bkuji za rady, kter\u00e9 zazn\u00edvaj\u00ed z dne\u0161n\u00ed p\u00edsn\u011b.\u00a0Pokud se n\u00e1m bude zd\u00e1t, \u017ee je n\u00e1\u0161 k\u0159\u00ed\u017e nad na\u0161e s\u00edly t\u011b\u017ek\u00fd, jd\u011bme s n\u00edm za Je\u017e\u00ed\u0161em&#8230;.<\/p>\n<h5 style=\"text-align: justify;\"><\/h5>\n<audio class=\"wp-audio-shortcode\" id=\"audio-1826-2\" preload=\"none\" style=\"width: 100%;\" controls=\"controls\"><source type=\"audio\/mpeg\" src=\"http:\/\/jesenik.casd.cz\/wp-content\/uploads\/2016\/03\/Zda-se-ti-\u017ee-k\u0159\u00ed\u017e-t\u011b-t\u00ed\u017e\u00ed-202.mp3?_=2\" \/><a href=\"http:\/\/jesenik.casd.cz\/wp-content\/uploads\/2016\/03\/Zda-se-ti-\u017ee-k\u0159\u00ed\u017e-t\u011b-t\u00ed\u017e\u00ed-202.mp3\">http:\/\/jesenik.casd.cz\/wp-content\/uploads\/2016\/03\/Zda-se-ti-\u017ee-k\u0159\u00ed\u017e-t\u011b-t\u00ed\u017e\u00ed-202.mp3<\/a><\/audio>\n<p>&nbsp;<\/p>\n<h5 style=\"text-align: justify;\"><\/h5>\n<h5 style=\"text-align: justify;\"><\/h5>\n<p style=\"text-align: justify;\"><strong>Zd\u00e1 se ti, \u017ee k\u0159\u00ed\u017e t\u011b t\u00ed\u017e\u00ed<\/strong><\/p>\n<h5 style=\"text-align: justify;\"><\/h5>\n<p>&nbsp;<\/p>\n<p style=\"text-align: justify;\">1. Zd\u00e1 se ti, \u017ee k\u0159\u00ed\u017e t\u011b t\u00ed\u017e\u00ed? Hle\u010f v\u00edrou vp\u0159ed.<\/p>\n<p style=\"text-align: justify;\">Tv\u016fj zrak k\u00a0P\u00e1nu a\u0165 v\u017edy\u00a0vzhl\u00ed\u017e\u00ed, jdi v\u00edrou vp\u0159ed.<\/p>\n<p style=\"text-align: justify;\">Ref: S\u00a0k\u0159\u00ed\u017eem jdi v\u017edy za Je\u017e\u00ed\u0161em, hle\u010f v\u00edrou vp\u0159ed,<\/p>\n<p style=\"text-align: justify;\">nereptej, jdi v\u011brn\u011b,\u00a0ti\u0161e, jen v\u00edrou vp\u0159ed.<\/p>\n<h5 style=\"text-align: justify;\"><\/h5>\n<p>&nbsp;<\/p>\n<p style=\"text-align: justify;\">2. Kdy\u017e se snad i chv\u011bje\u0161 v\u00a0boji, hle\u010f v\u00edrou vp\u0159ed,<\/p>\n<p style=\"text-align: justify;\">Kristus po tv\u00e9m boku\u00a0stoj\u00ed, jdi v\u00edrou vp\u0159ed.<\/p>\n<p style=\"text-align: justify;\">Ref: S\u00a0k\u0159\u00ed\u017eem jdi v\u017edy za Je\u017e\u00ed\u0161em, hle\u010f v\u00edrou vp\u0159ed,<\/p>\n<p style=\"text-align: justify;\">nereptej, jdi v\u011brn\u011b,\u00a0ti\u0161e, jen v\u00edrou vp\u0159ed.<\/p>\n<h5 style=\"text-align: justify;\"><\/h5>\n<p>&nbsp;<\/p>\n<p style=\"text-align: justify;\">3. M\u00e1\u0161-li st\u00e1le m\u00e1lo s\u00edly, hle\u010f v\u00edrou vp\u0159ed.<\/p>\n<p style=\"text-align: justify;\">P\u00e1n t\u011b vede jist\u011b k\u00a0c\u00edli, jdi\u00a0v\u00edrou vp\u0159ed.<\/p>\n<p style=\"text-align: justify;\">Ref: S\u00a0k\u0159\u00ed\u017eem jdi v\u017edy za Je\u017e\u00ed\u0161em, hle\u010f v\u00edrou vp\u0159ed,<\/p>\n<p style=\"text-align: justify;\">nereptej, jdi v\u011brn\u011b,\u00a0ti\u0161e, jen v\u00edrou vp\u0159ed.<\/p>\n<h5 style=\"text-align: justify;\"><\/h5>\n<p style=\"text-align: justify;\"><img loading=\"lazy\" decoding=\"async\" class=\"alignnone size-full wp-image-1829\" src=\"http:\/\/jesenik.casd.cz\/wp-content\/uploads\/2016\/03\/Kopie-IMG_7583.jpg\" alt=\"Kopie - IMG_7583\" width=\"1024\" height=\"768\" srcset=\"https:\/\/jesenik.casd.cz\/wp-content\/uploads\/2016\/03\/Kopie-IMG_7583.jpg 1024w, https:\/\/jesenik.casd.cz\/wp-content\/uploads\/2016\/03\/Kopie-IMG_7583-300x225.jpg 300w\" sizes=\"auto, (max-width: 1024px) 100vw, 1024px\" \/><\/p>\n<p style=\"text-align: justify;\">Foto B. Hyvnarov\u00e1<\/p>\n","protected":false},"excerpt":{"rendered":"<p>Minul\u00fd t\u00fdden jsme si mohli poslechnout p\u00edse\u0148 o Kristov\u011b k\u0159\u00ed\u017ei, tento t\u00fdden n\u00e1s \u010dek\u00e1 p\u00edse\u0148 o k\u0159\u00ed\u017e\u00edch na\u0161ich. V pod\u00e1n\u00ed kytaristy Jaroslava Jano\u0161t\u00edka je to p\u00edse\u0148 \u010d\u00edslo 202 ze zp\u011bvn\u00edku Zp\u00edvejme Hospodinu\u00a0s n\u00e1zvem &#8222;Zd\u00e1 se ti, \u017ee k\u0159\u00ed\u017e t\u011b t\u00ed\u017e\u00ed&#8220;. &hellip; <a href=\"https:\/\/jesenik.casd.cz\/?p=1826\">Cel\u00fd p\u0159\u00edsp\u011bvek <span class=\"meta-nav\">&rarr;<\/span><\/a><\/p>\n","protected":false},"author":1,"featured_media":1829,"comment_status":"open","ping_status":"open","sticky":true,"template":"","format":"standard","meta":{"ngg_post_thumbnail":0,"footnotes":""},"categories":[1,14],"tags":[],"class_list":["post-1826","post","type-post","status-publish","format-standard","has-post-thumbnail","hentry","category-nezarazene","category-pisne"],"_links":{"self":[{"href":"https:\/\/jesenik.casd.cz\/index.php?rest_route=\/wp\/v2\/posts\/1826","targetHints":{"allow":["GET"]}}],"collection":[{"href":"https:\/\/jesenik.casd.cz\/index.php?rest_route=\/wp\/v2\/posts"}],"about":[{"href":"https:\/\/jesenik.casd.cz\/index.php?rest_route=\/wp\/v2\/types\/post"}],"author":[{"embeddable":true,"href":"https:\/\/jesenik.casd.cz\/index.php?rest_route=\/wp\/v2\/users\/1"}],"replies":[{"embeddable":true,"href":"https:\/\/jesenik.casd.cz\/index.php?rest_route=%2Fwp%2Fv2%2Fcomments&post=1826"}],"version-history":[{"count":28,"href":"https:\/\/jesenik.casd.cz\/index.php?rest_route=\/wp\/v2\/posts\/1826\/revisions"}],"predecessor-version":[{"id":1858,"href":"https:\/\/jesenik.casd.cz\/index.php?rest_route=\/wp\/v2\/posts\/1826\/revisions\/1858"}],"wp:featuredmedia":[{"embeddable":true,"href":"https:\/\/jesenik.casd.cz\/index.php?rest_route=\/wp\/v2\/media\/1829"}],"wp:attachment":[{"href":"https:\/\/jesenik.casd.cz\/index.php?rest_route=%2Fwp%2Fv2%2Fmedia&parent=1826"}],"wp:term":[{"taxonomy":"category","embeddable":true,"href":"https:\/\/jesenik.casd.cz\/index.php?rest_route=%2Fwp%2Fv2%2Fcategories&post=1826"},{"taxonomy":"post_tag","embeddable":true,"href":"https:\/\/jesenik.casd.cz\/index.php?rest_route=%2Fwp%2Fv2%2Ftags&post=1826"}],"curies":[{"name":"wp","href":"https:\/\/api.w.org\/{rel}","templated":true}]}}