{"id":1859,"date":"2016-04-15T10:23:41","date_gmt":"2016-04-15T08:23:41","guid":{"rendered":"http:\/\/jesenik.casd.cz\/?p=1859"},"modified":"2016-04-15T10:24:27","modified_gmt":"2016-04-15T08:24:27","slug":"ty-lasko-vzacna","status":"publish","type":"post","link":"https:\/\/jesenik.casd.cz\/?p=1859","title":{"rendered":"&#8222;Ty l\u00e1sko vz\u00e1cn\u00e1&#8220;"},"content":{"rendered":"<p style=\"text-align: justify;\">Zveme V\u00e1s k poslechu p\u00edsn\u011b &#8222;Ty l\u00e1sko vz\u00e1cn\u00e1&#8220; (\u010d\u00edslo 49 ze zp\u011bvn\u00edku &#8222;Zp\u00edvejme Hospodinu&#8220;).<\/p>\n<p style=\"text-align: justify;\">Melodii k\u00a0textu Tom\u00e1\u0161e Kempensk\u00e9ho napsal adventistick\u00fd hudebn\u00ed skladatel a sbormistr James Thomas Bingham.<\/p>\n<p style=\"text-align: justify;\">J. Bingham je sou\u010dasn\u00fdm hudebn\u00edm skladatelem, kter\u00fd za\u010dal sv\u00e9 hudebn\u00ed aktivity\u00a0ve sboru v\u00a0Geelong v Austr\u00e1lii, kde vyr\u016fstal. Hr\u00e1l zde na housle, zp\u00edval a v dosp\u00edv\u00e1n\u00ed se stal varhan\u00edkem. Pozd\u011bji se p\u0159est\u011bhoval do Kanady a Spojen\u00fdch st\u00e1t\u016f, kde studoval hru, zp\u011bv i kompozici. Skl\u00e1d\u00e1 p\u00edsn\u011b i instrument\u00e1ln\u00ed skladby a se sv\u00fdmi p\u011bveck\u00fdmi sbory procestoval cel\u00fd sv\u011bt.<\/p>\n<p style=\"text-align: justify;\">Zhudebnil tak\u00e9 text Tom\u00e1\u0161e Kempensk\u00e9ho a vytvo\u0159il tak p\u00edse\u0148, kter\u00e1 je \u00a0oslavou Bo\u017e\u00ed l\u00e1sky k\u00a0n\u00e1m lidem. Jej\u00ed melodii si op\u011bt m\u016f\u017eete poslechnout v\u00a0kytarov\u00e9m pod\u00e1n\u00ed Jaroslava Jano\u0161t\u00edka. P\u0159ejeme v\u00e1m p\u0159\u00edjemn\u00fd poslech.<\/p>\n<audio class=\"wp-audio-shortcode\" id=\"audio-1859-1\" preload=\"none\" style=\"width: 100%;\" controls=\"controls\"><source type=\"audio\/mpeg\" src=\"http:\/\/jesenik.casd.cz\/wp-content\/uploads\/2016\/04\/Ty-lasko-vzacna-49.mp3?_=1\" \/><a href=\"http:\/\/jesenik.casd.cz\/wp-content\/uploads\/2016\/04\/Ty-lasko-vzacna-49.mp3\">http:\/\/jesenik.casd.cz\/wp-content\/uploads\/2016\/04\/Ty-lasko-vzacna-49.mp3<\/a><\/audio>\n<p>&nbsp;<\/p>\n<p style=\"text-align: justify;\">Autor textu p\u00edsn\u011b &#8222;Ty l\u00e1sko vz\u00e1cn\u00e1&#8220;,\u00a0Thomas Haemmerken, zn\u00e1m\u00fd sp\u00ed\u0161e pod jm\u00e9nem Tom\u00e1\u0161 Kempensk\u00fd podle m\u011bsta Kempen v N\u011bmecku, kde se narodil, \u017eil na p\u0159elomu 14. a 15. stolet\u00ed. Byla to doba\u00a0velk\u00fdch d\u011bjinn\u00fdch zvrat\u016f, poklesl\u00e9 mor\u00e1lky a zmatk\u016f v c\u00edrkvi. Tom\u00e1\u0161 Kempensk\u00fd byl mnichem a pat\u0159il ke komunit\u011b\u00a0 &#8222;Brat\u0159\u00ed spole\u010dn\u00e9ho \u017eivota&#8220;. Zn\u00e1me ho tak\u00e9 jako p\u0159edstavitele\u00a0hnut\u00ed\u00a0Devotio moderna, kter\u00e9 usilovalo o opravdovou vnit\u0159n\u00ed zbo\u017enost naru\u0161en\u00e9 spole\u010dnosti. Tom\u00e1\u0161 Kempensk\u00fd u\u010dil lidi modlit se, rozum\u011bt slov\u016fm P\u00edsma a zd\u016fraz\u0148oval, \u017ee k p\u0159ijet\u00ed spasen\u00ed je d\u016fle\u017eit\u011bj\u0161\u00ed osobn\u00ed vztah ke Kristu ne\u017e pouh\u00e1 \u00fa\u010dast na bohoslu\u017eb\u011b.<\/p>\n<p style=\"text-align: justify;\">I u n\u00e1s v na\u0161\u00ed zemi jsou po stalet\u00ed zn\u00e1m\u00e9 <strong>\u010cty\u0159i knihy o n\u00e1sledov\u00e1n\u00ed Krista<\/strong> Tom\u00e1\u0161e Kempensk\u00e9ho.<\/p>\n<p style=\"text-align: justify;\">Ne\u017e si znovu poslechnete dne\u0161n\u00ed p\u00edse\u0148 a budete uva\u017eovat nad jej\u00edm textem, p\u0159e\u010dt\u011bte si \u00faryvek z t\u00e9to knihy, kter\u00fd jsme pro v\u00e1s vybrali. Je z\u00a0t\u0159et\u00ed \u010d\u00e1sti nazvan\u00e9 &#8222;O vnit\u0159n\u00edm pot\u011b\u0161en\u00ed&#8220; a V. kapitoly s n\u00e1zvem &#8222;O podivuhodn\u00e9m p\u016fsoben\u00ed Bo\u017e\u00ed l\u00e1sky&#8220;. V n\u00ed Tom\u00e1\u0161 Kempensk\u00fd vyzn\u00e1v\u00e1, jak \u00fa\u017easn\u00e1 je Bo\u017e\u00ed l\u00e1ska k n\u00e1m lidem a jak m\u016f\u017ee \u010dlov\u011bka prom\u011b\u0148ovat. A\u010dkoli je tento text star\u00fd p\u016fl tis\u00edcilet\u00ed, m\u016f\u017ee b\u00fdt aktu\u00e1ln\u00ed i dnes:<\/p>\n<p style=\"text-align: justify;\"><span style=\"color: #999999;\"><em>1. Dobro\u0159e\u010d\u00edm ti, Ot\u010de nebesk\u00fd, ot\u010de m\u00e9ho P\u00e1na Je\u017e\u00ed\u0161e Krista, \u017ee ses dobrotiv\u011b rozpomenul na mne uboh\u00e9ho. Ot\u010de milosrdenstv\u00ed a Bo\u017ee ve\u0161ker\u00e9 \u00fat\u011bchy (2 K 1,3), tob\u011b vzd\u00e1v\u00e1m d\u00edky, \u017ee mne, nehodn\u00e9ho jak\u00e9hokoli pot\u011b\u0161en\u00ed, n\u011bkdy obla\u017euje\u0161 svou \u00fat\u011bchou. St\u00e1le ti za to dobro\u0159e\u010d\u00edm a oslavuji t\u011b s tv\u00fdm jednorozen\u00fdm Synem a ut\u011b\u0161itelem Duchem svat\u00fdm na v\u011b\u010dn\u00e9 v\u011bky. Ano, Pane Bo\u017ee, m\u016fj svat\u00fd milovn\u00edku, kdykoli zav\u00edt\u00e1\u0161 do m\u00e9ho srdce, zaples\u00e1 cel\u00e9 m\u011b nitro; v\u017edy\u0165 tys m\u00e1 sl\u00e1va a radost m\u00e9ho srdce. Tys m\u00e1 nad\u011bje a m\u00e9 \u00fato\u010di\u0161t\u011b v den m\u00e9ho sou\u017een\u00ed (\u017d 3,4; 59,17).<\/em><\/span><\/p>\n<p style=\"text-align: justify;\"><em style=\"color: #999999; font-size: 13px;\">2. Ale \u017ee jsem je\u0161t\u011b slab\u00fd v l\u00e1sce a nedokonal\u00fd v ctnosti, m\u00e1m zapot\u0159eb\u00ed, abys m\u011b pos\u00edlil a pot\u011b\u0161il; proto m\u011b \u010dast\u011bji nav\u0161t\u011bvuj a vyu\u010duj svat\u00fdm nauk\u00e1m. Osvobo\u010f m\u011b od zl\u00fdch v\u00e1\u0161n\u00ed a uzdrav m\u00e9 srdce ode v\u0161ech nez\u0159\u00edzen\u00fdch \u017e\u00e1dost\u00ed, abych, vnit\u0159n\u011b uzdraven a dokonale o\u010di\u0161t\u011bn, byl u\u010din\u011bn schopn\u00fdm l\u00e1sky, state\u010dn\u00fdm v utrpen\u00ed a v\u011brn\u00fdm ve vytrvalosti.<\/em><\/p>\n<p style=\"text-align: justify;\"><em style=\"color: #999999; font-size: 13px;\">3. Velk\u00e1 v\u011bc, veskrze velik\u00e9 dobro je l\u00e1ska, kter\u00e1 jedin\u00e1 uleh\u010d\u00ed ka\u017ed\u00e9 b\u0159\u00edm\u011b a sn\u00e1\u0161\u00ed ka\u017edou nespravedlnost. Nebo\u0165 nese t\u00edhu bez t\u011b\u017ekosti a v\u0161echno ho\u0159k\u00e9 \u010din\u00ed sladk\u00fdm a chutn\u00fdm. U\u0161lechtil\u00e1 l\u00e1ska k Je\u017e\u00ed\u0161i pob\u00e1d\u00e1 k velk\u00fdm \u010din\u016fm a vzbuzuje touhu po st\u00e1le v\u011bt\u0161\u00ed dokonalosti. L\u00e1ska se chce vzn\u00e1\u0161et vzh\u016fru a nechce b\u00fdt zdr\u017eov\u00e1na \u017e\u00e1dn\u00fdmi n\u00edzk\u00fdmi v\u011bcmi. L\u00e1ska chce b\u00fdt svobodn\u00e1 a prost\u00e1 ve\u0161ker\u00e9 sv\u011btsk\u00e9 \u017e\u00e1dosti, aby nebyl st\u00edn\u011bn jej\u00ed vnit\u0159n\u00ed zrak, aby ji nespoutala n\u011bjak\u00e1 \u010dasn\u00e1 p\u0159\u00edjemnost nebo neskli\u010dovala nep\u0159\u00edjemnost. Nic nen\u00ed slad\u0161\u00edho ne\u017e l\u00e1ska, nic siln\u011bj\u0161\u00edho, nic vy\u0161\u0161\u00edho, nic \u0161ir\u0161\u00edho, nic radostn\u011bj\u0161\u00edho, nic pln\u011bj\u0161\u00edho ani lep\u0161\u00edho na nebi ani na zemi; v\u017edy\u0165 l\u00e1ska se zrodila z Boha a m\u016f\u017ee spo\u010dinout jen v Bohu, jen\u017e p\u0159evy\u0161uje v\u0161echno stvo\u0159en\u00e9.<\/em><\/p>\n<p style=\"text-align: justify;\"><em style=\"color: #999999; font-size: 13px;\">4. Kdo miluje, ten l\u00e9t\u00e1, b\u011b\u017e\u00ed, raduje se; je voln\u00fd a nic ho nezadr\u017e\u00ed&#8230;&#8230;<\/em><\/p>\n<p>Na t\u00e9ma l\u00e1sky bylo naps\u00e1no mnoho \u00favah a k\u00e1z\u00e1n\u00ed a dne\u0161n\u00ed p\u00edse\u0148 je jednou z nich. Tom\u00e1\u0161 Kempensk\u00fd v textu p\u00edsn\u011b nejenom vypr\u00e1v\u00ed o tom, co Bo\u017e\u00ed l\u00e1ska pro n\u00e1s ud\u011blala, ale tak\u00e9 vyjad\u0159uje touhu, aby Bo\u017e\u00ed l\u00e1skypln\u00fd \u010din nez\u016fstal v lidsk\u00fdch srdc\u00edch bez odezvy.<\/p>\n<p>&nbsp;<\/p>\n<audio class=\"wp-audio-shortcode\" id=\"audio-1859-2\" preload=\"none\" style=\"width: 100%;\" controls=\"controls\"><source type=\"audio\/mpeg\" src=\"http:\/\/jesenik.casd.cz\/wp-content\/uploads\/2016\/04\/Ty-lasko-vzacna-49.mp3?_=2\" \/><a href=\"http:\/\/jesenik.casd.cz\/wp-content\/uploads\/2016\/04\/Ty-lasko-vzacna-49.mp3\">http:\/\/jesenik.casd.cz\/wp-content\/uploads\/2016\/04\/Ty-lasko-vzacna-49.mp3<\/a><\/audio>\n<p style=\"text-align: justify;\"><strong>\u00a0<\/strong><\/p>\n<h5 style=\"text-align: justify;\"><strong>Ty l\u00e1sko vz\u00e1cn\u00e1<\/strong><\/h5>\n<p>&nbsp;<\/p>\n<p style=\"text-align: justify;\">1. Ty l\u00e1sko vz\u00e1cn\u00e1, \u00fa\u017easn\u00e1,<\/p>\n<p style=\"text-align: justify;\">jsi v\u00edc, n\u011b\u017e \u010dlov\u011bk v\u00ed a zn\u00e1,<\/p>\n<p style=\"text-align: justify;\">v\u017edy\u0165 B\u016fh se\u00a0st\u00e1v\u00e1 \u010dlov\u011bkem<\/p>\n<p style=\"text-align: justify;\">a \u017eivot d\u00e1v\u00e1 v\u00a0Synu sv\u00e9m.<\/p>\n<p style=\"text-align: justify;\">2. Pro n\u00e1s byl k\u0159t\u011bn a sn\u00e1\u0161el hlad,<\/p>\n<p style=\"text-align: justify;\">i b\u00eddu znal i c\u00edtil chlad,<\/p>\n<p style=\"text-align: justify;\">byl sv\u00e1d\u011bn k\u00a0h\u0159\u00edchu, nezh\u0159e\u0161il,<\/p>\n<p style=\"text-align: justify;\">tak p\u0159\u00edkladem v\u0161em lidem byl.<\/p>\n<p style=\"text-align: justify;\">3. Pro n\u00e1s i zr\u00e1dci nohy myl<\/p>\n<p style=\"text-align: justify;\">a hr\u016fzu k\u0159\u00ed\u017ee podstoupil.<\/p>\n<p style=\"text-align: justify;\">V\u017edy\u0165 k\u0159\u00ed\u017e, kde\u00a0zm\u00edral Kristus P\u00e1n,<\/p>\n<p style=\"text-align: justify;\">byl ur\u010den lidem, pat\u0159il n\u00e1m.<\/p>\n<p style=\"text-align: justify;\">4. Pro n\u00e1s vstal z\u00a0hrobu,<\/p>\n<p style=\"text-align: justify;\">vzk\u0159\u00ed\u0161en byl, jak v\u00edt\u011bz k\u00a0Otci vystoupil.<\/p>\n<p style=\"text-align: justify;\">Pak\u00a0Ducha sv\u00e9ho c\u00edrkvi dal,<\/p>\n<p style=\"text-align: justify;\">v\u00a0n\u011bm s\u00edlu k\u00a0slu\u017eb\u011b daroval.<\/p>\n<p style=\"text-align: justify;\">5. Za l\u00e1sku jeho \u00fa\u017easnou<\/p>\n<p style=\"text-align: justify;\">a\u0165 s\u00a0d\u00edky v\u0161ichni k\u00a0P\u00e1nu jdou.<\/p>\n<p style=\"text-align: justify;\">N\u00e1\u0161 Otec v\u00a0nebi,\u00a0Syn i Duch<\/p>\n<p style=\"text-align: justify;\">je Tv\u016frce, Sm\u00edrce, L\u00e1ska \u2013 B\u016fh.<\/p>\n<p style=\"text-align: justify;\"><img loading=\"lazy\" decoding=\"async\" class=\"alignnone size-full wp-image-1861\" src=\"http:\/\/jesenik.casd.cz\/wp-content\/uploads\/2016\/04\/Kopie-IMG_5724.jpg\" alt=\"Kopie - IMG_5724\" width=\"937\" height=\"703\" srcset=\"https:\/\/jesenik.casd.cz\/wp-content\/uploads\/2016\/04\/Kopie-IMG_5724.jpg 937w, https:\/\/jesenik.casd.cz\/wp-content\/uploads\/2016\/04\/Kopie-IMG_5724-300x225.jpg 300w\" sizes=\"auto, (max-width: 937px) 100vw, 937px\" \/><\/p>\n","protected":false},"excerpt":{"rendered":"<p>Zveme V\u00e1s k poslechu p\u00edsn\u011b &#8222;Ty l\u00e1sko vz\u00e1cn\u00e1&#8220; (\u010d\u00edslo 49 ze zp\u011bvn\u00edku &#8222;Zp\u00edvejme Hospodinu&#8220;). Melodii k\u00a0textu Tom\u00e1\u0161e Kempensk\u00e9ho napsal adventistick\u00fd hudebn\u00ed skladatel a sbormistr James Thomas Bingham. J. Bingham je sou\u010dasn\u00fdm hudebn\u00edm skladatelem, kter\u00fd za\u010dal sv\u00e9 hudebn\u00ed aktivity\u00a0ve sboru v\u00a0Geelong &hellip; <a href=\"https:\/\/jesenik.casd.cz\/?p=1859\">Cel\u00fd p\u0159\u00edsp\u011bvek <span class=\"meta-nav\">&rarr;<\/span><\/a><\/p>\n","protected":false},"author":1,"featured_media":1861,"comment_status":"open","ping_status":"open","sticky":true,"template":"","format":"standard","meta":{"ngg_post_thumbnail":0,"footnotes":""},"categories":[1,14],"tags":[],"class_list":["post-1859","post","type-post","status-publish","format-standard","has-post-thumbnail","hentry","category-nezarazene","category-pisne"],"_links":{"self":[{"href":"https:\/\/jesenik.casd.cz\/index.php?rest_route=\/wp\/v2\/posts\/1859","targetHints":{"allow":["GET"]}}],"collection":[{"href":"https:\/\/jesenik.casd.cz\/index.php?rest_route=\/wp\/v2\/posts"}],"about":[{"href":"https:\/\/jesenik.casd.cz\/index.php?rest_route=\/wp\/v2\/types\/post"}],"author":[{"embeddable":true,"href":"https:\/\/jesenik.casd.cz\/index.php?rest_route=\/wp\/v2\/users\/1"}],"replies":[{"embeddable":true,"href":"https:\/\/jesenik.casd.cz\/index.php?rest_route=%2Fwp%2Fv2%2Fcomments&post=1859"}],"version-history":[{"count":12,"href":"https:\/\/jesenik.casd.cz\/index.php?rest_route=\/wp\/v2\/posts\/1859\/revisions"}],"predecessor-version":[{"id":1876,"href":"https:\/\/jesenik.casd.cz\/index.php?rest_route=\/wp\/v2\/posts\/1859\/revisions\/1876"}],"wp:featuredmedia":[{"embeddable":true,"href":"https:\/\/jesenik.casd.cz\/index.php?rest_route=\/wp\/v2\/media\/1861"}],"wp:attachment":[{"href":"https:\/\/jesenik.casd.cz\/index.php?rest_route=%2Fwp%2Fv2%2Fmedia&parent=1859"}],"wp:term":[{"taxonomy":"category","embeddable":true,"href":"https:\/\/jesenik.casd.cz\/index.php?rest_route=%2Fwp%2Fv2%2Fcategories&post=1859"},{"taxonomy":"post_tag","embeddable":true,"href":"https:\/\/jesenik.casd.cz\/index.php?rest_route=%2Fwp%2Fv2%2Ftags&post=1859"}],"curies":[{"name":"wp","href":"https:\/\/api.w.org\/{rel}","templated":true}]}}