{"id":1878,"date":"2016-04-25T06:55:20","date_gmt":"2016-04-25T04:55:20","guid":{"rendered":"http:\/\/jesenik.casd.cz\/?p=1878"},"modified":"2016-04-25T06:55:20","modified_gmt":"2016-04-25T04:55:20","slug":"vzdavej-cest-tvurci","status":"publish","type":"post","link":"https:\/\/jesenik.casd.cz\/?p=1878","title":{"rendered":"&#8222;Vzd\u00e1vej \u010dest Tv\u016frci&#8220;"},"content":{"rendered":"<p style=\"text-align: justify;\">&#8222;Vzd\u00e1vej \u010dest Tv\u016frci, On vl\u00e1dcem je zem\u011b i nebe&#8230;&#8220;\u00a0T\u011bmito slovy n\u00e1s zve k oslavov\u00e1n\u00ed Boha Stvo\u0159itele prvn\u00ed p\u00edse\u0148 ze zp\u011bvn\u00edku &#8222;Zp\u00edvejme Hospodinu&#8220;. Napsal ji\u00a0v druh\u00e9 polovin\u011b 17. stolet\u00ed Joachim Neander\u00a0na n\u00e1p\u011bv\u00a0Geistlicha Stralsunda. Na kytaru hraje\u00a0Jaroslav Jano\u0161t\u00edk.<\/p>\n<audio class=\"wp-audio-shortcode\" id=\"audio-1878-1\" preload=\"none\" style=\"width: 100%;\" controls=\"controls\"><source type=\"audio\/mpeg\" src=\"http:\/\/jesenik.casd.cz\/wp-content\/uploads\/2016\/04\/Vzdavej-cest-tvurci-1.mp3?_=1\" \/><a href=\"http:\/\/jesenik.casd.cz\/wp-content\/uploads\/2016\/04\/Vzdavej-cest-tvurci-1.mp3\">http:\/\/jesenik.casd.cz\/wp-content\/uploads\/2016\/04\/Vzdavej-cest-tvurci-1.mp3<\/a><\/audio>\n<p>&nbsp;<\/p>\n<p style=\"text-align: justify;\">Autor p\u016fvodn\u00edho textu p\u00edsn\u011b &#8222;Vzd\u00e1vej \u010dest Tv\u016frci&#8220;, Joachim Neander, se do\u017eil pouh\u00fdch 30 let. P\u0159esto po sob\u011b zanechal \u00fa\u017easn\u00fd duchovn\u00ed odkaz. Z\u00e1rove\u0148 se v\u0161ak jeho jm\u00e9no dostalo velice zvl\u00e1\u0161tn\u00ed cestou do u\u010debnic d\u011bjepisu v souvislosti s\u00a0Darvwinovou v\u00fdvojovou teori\u00ed. V\u00edte jak se to stalo?<\/p>\n<p style=\"text-align: justify;\">Joachim Neander se narodil v roce 1650 v rodin\u011b u\u010ditele. Jeho d\u011bde\u010dek, tak\u00e9 Joachim, byl duchovn\u00edm a, jak bylo tenkr\u00e1t zvykem, p\u0159elo\u017eil jejich rodov\u00e9 jm\u00e9no Neumann &#8211; &#8222;Nov\u00fd mu\u017e&#8220; \u00a0do \u0159e\u010dtiny. Za\u010dal pou\u017e\u00edvat jm\u00e9no Neander, kter\u00e9 p\u0159evzal<br \/>\ni jeho vnuk.<\/p>\n<p style=\"text-align: justify;\">U\u017e ve sv\u00fdch 24 letech se Joachim Neander stal rektorem vysok\u00e9 \u0161koly v\u00a0D\u00fcsseldorfu a vyu\u010doval nejenom n\u00e1bo\u017eenstv\u00ed, ale i st\u00e1tn\u00ed pr\u00e1vo. Pro n\u011bjak\u00e9 politick\u00e9 neshody musel tento post opustit a ode\u0161el do\u00a0D\u00fcsseldorfu, kde p\u016fsobil<br \/>\nv letech\u00a01674 \u2013 1679 jako \u0159editel \u00a0Reformovan\u00e9 Latinsk\u00e9 \u0161koly. \u017del onemocn\u011bl a v roce 1680 zem\u0159el.<\/p>\n<p style=\"text-align: justify;\">A jak se tedy jeho jm\u00e9no dostalo do u\u010debnic d\u011bjepisu? Joachim Neander\u00a0m\u011bl ve zvyku \u010dasto chodit do skryt\u00e9ho \u00fadol\u00ed \u0159\u00ed\u010dky D\u00fcssel, kter\u00e1 se vinula rokl\u00ed mezi skalami a lesem. Zdobily ji vodop\u00e1dy a nav\u00edc byla lemovan\u00e1 n\u00e1dhern\u00fdmi jeskyn\u011bmi s\u00a0kr\u00e1pn\u00edky. Byla tam jeho obl\u00edben\u00e1 m\u00edsta pro zti\u0161en\u00ed a rozhovory s\u00a0Bohem. Pravd\u011bpodobn\u011b pr\u00e1v\u011b zde vznikala jeho k\u00e1z\u00e1n\u00ed i nejkr\u00e1sn\u011bj\u0161\u00ed b\u00e1sn\u011b a hymny, ke kter\u00fdm psal nejenom texty, ale \u010dasto k nim komponoval i melodii. Pozd\u011bji,\u00a0v 19. stolet\u00ed, byla po n\u011bm pojmenovan\u00e1 jedna z\u00a0velk\u00fdch jeskyn\u00ed: Neanderh\u00f6hle. A v\u00a0polovin\u011b 19. stolet\u00ed, kdy\u017e za\u010dala v okol\u00ed D\u00fcsseldorfu rozs\u00e1hl\u00e1 t\u011b\u017eba\u00a0v\u00e1pence na v\u00fdrobu cementu, se \u00fazk\u00e1 roklina stala \u0161irok\u00fdm \u00fadol\u00edm, kter\u00e9 dostalo jm\u00e9no Neanderthal &#8211; Neandrovo \u00fadol\u00ed.<\/p>\n<p style=\"text-align: justify;\">V\u00a0l\u00e9t\u011b roku \u00a01856 narazili d\u011bln\u00edci p\u0159i l\u00e1m\u00e1n\u00ed kamene na skrytou jeskyni a poda\u0159il se jim nev\u00eddan\u00fd archeologick\u00fd n\u00e1lez: Na\u0161li 16 lidsk\u00fdch kost\u00ed, kter\u00e9 byly podivn\u00e9, jakoby zdeformovan\u00e9. Bylo to pr\u00e1v\u011b v dob\u011b, kdy byla na \u00fasvitu evolu\u010dn\u00ed teorie a v\u011bdci hledali d\u016fkazy, kter\u00e9 by potvrdily jejich domn\u011bnku, \u017ee se \u010dlov\u011bk vyvinul z prastar\u00fdch primitivn\u00edch forem.<\/p>\n<p style=\"text-align: justify;\">D\u011bln\u00edci ale netu\u0161ili, \u017ee by jejich n\u00e1lez mohl m\u00edt n\u011bjak\u00fd zvl\u00e1\u0161tn\u00ed v\u00fdznam a pr\u00fd kosti vyhazovali pr\u00e1v\u011b ve chv\u00edli, kdy\u017e na jednom ze sv\u00fdch v\u00fdlet\u016f proch\u00e1zel kolem profesor Carl Fuhlrott. N\u00e1lez opatrn\u011b zkompletoval a prozkoumal. Kosti ozna\u010dil jako poz\u016fstatky fosiln\u00edho \u010dlov\u011bka, kter\u00fd byl podle m\u00edsta n\u00e1lezu pojmenov\u00e1n jako \u010dlov\u011bk neandrt\u00e1lsk\u00fd. Dodate\u010dn\u011b byly<br \/>\nk tomuto n\u00e1zvu p\u0159i\u0159azeny i dal\u0161\u00ed lebky, kter\u00e9 byly u\u017e d\u0159\u00edve ulo\u017eeny v muze\u00edch a tak\u00e9 jejich p\u016fvodn\u00ed majitel\u00e9 za\u010dali b\u00fdt ozna\u010dov\u00e1ni n\u00e1zvem &#8222;Homo neanderthalensis&#8220; nebo &#8222;Homo sapiens neanderthalensis&#8220;.<\/p>\n<p style=\"text-align: justify;\">A tak se stalo, \u017ee jm\u00e9no Joachima Neandera, kter\u00fd pln\u011b d\u016fv\u011b\u0159oval zpr\u00e1v\u00e1m o stvo\u0159en\u00ed z\u00a0Bible a n\u00e1sledoval Boha Stvo\u0159itele a Zachr\u00e1nce, ozna\u010duje a\u017e podnes n\u00e1lezy, kter\u00e9 maj\u00ed lidstvu dok\u00e1zat, \u017ee \u010dlov\u011bk vznikl postupn\u00fdm v\u00fdvojem.<\/p>\n<p style=\"text-align: justify;\">Ka\u017ed\u00fd se rozhoduje s\u00e1m za sebe, komu a \u010demu bude v\u011b\u0159it. I my m\u00e1me k na\u0161im rozhodnut\u00edm svobodnou v\u016fli.<\/p>\n<p style=\"text-align: justify;\">Pokud se chcete sklonit p\u0159ed Bo\u017e\u00edm majest\u00e1tem, m\u016f\u017eete se dnes znovu zti\u0161it p\u0159i p\u00edsni &#8222;Vzd\u00e1vej \u010dest Tv\u016frci&#8220;. Jeho autor n\u00e1s zve k tomu, abychom Bohu Stvo\u0159iteli vzdali \u010dest a sl\u00e1vu, kter\u00e1 Mu n\u00e1le\u017e\u00ed a oslavovali ho sv\u00fdm \u017eivotem.<\/p>\n<audio class=\"wp-audio-shortcode\" id=\"audio-1878-2\" preload=\"none\" style=\"width: 100%;\" controls=\"controls\"><source type=\"audio\/mpeg\" src=\"http:\/\/jesenik.casd.cz\/wp-content\/uploads\/2016\/04\/Vzdavej-cest-tvurci-1.mp3?_=2\" \/><a href=\"http:\/\/jesenik.casd.cz\/wp-content\/uploads\/2016\/04\/Vzdavej-cest-tvurci-1.mp3\">http:\/\/jesenik.casd.cz\/wp-content\/uploads\/2016\/04\/Vzdavej-cest-tvurci-1.mp3<\/a><\/audio>\n<p>&nbsp;<\/p>\n<p style=\"text-align: justify;\"><strong>Vzd\u00e1vej \u00a0\u010dest Tv\u016frci<\/strong><\/p>\n<p style=\"text-align: justify;\">1. Vzd\u00e1vej \u010dest Tv\u016frci, On vl\u00e1dcem je zem\u011b i nebe,<\/p>\n<p style=\"text-align: justify;\">s\u00a0\u00factou a v\u00a0poko\u0159e\u00a0vd\u011b\u010dn\u011b mu ob\u011btuj sebe.<\/p>\n<p style=\"text-align: justify;\">Vroucn\u011b ho chval, On je tv\u016fj nebesk\u00fd Kr\u00e1l,<\/p>\n<p style=\"text-align: justify;\">v\u011b\u0159, \u017ee m\u00e1 v\u00a0p\u00e9\u010di i tebe.<\/p>\n<p style=\"text-align: justify;\">\n<p style=\"text-align: justify;\">2. Vzd\u00e1vej \u010dest Bohu, On spravuje s\u00e1m vesm\u00edr cel\u00fd,<\/p>\n<p style=\"text-align: justify;\">nad tebou st\u00e1le bd\u00ed,\u00a0jeho vztah k\u00a0tob\u011b je v\u0159el\u00fd.<\/p>\n<p style=\"text-align: justify;\">Kdy\u017e Boha zn\u00e1\u0161, radost ve sv\u00e9m srdci m\u00e1\u0161,<\/p>\n<p style=\"text-align: justify;\">z\u00a0l\u00e1sky \u010di\u0148 to, co On vel\u00ed.<\/p>\n<p style=\"text-align: justify;\">\n<p style=\"text-align: justify;\">3. Vzd\u00e1vej \u010dest P\u00e1nu a ka\u017ed\u00fd den slav jm\u00e9no jeho,<\/p>\n<p style=\"text-align: justify;\">sv\u00fdm cel\u00fdm \u017eivotem\u00a0vyvy\u0161uj Je\u017e\u00ed\u0161e sv\u00e9ho.<\/p>\n<p style=\"text-align: justify;\">On sv\u011btlem sv\u00fdm proz\u00e1\u0159\u00ed \u017eivota st\u00edn,<\/p>\n<p style=\"text-align: justify;\">tak bude\u0161\u00a0\u017e\u00edt jen pro n\u011bho.<\/p>\n<p style=\"text-align: justify;\"><img loading=\"lazy\" decoding=\"async\" class=\"alignnone size-full wp-image-1891\" src=\"http:\/\/jesenik.casd.cz\/wp-content\/uploads\/2016\/04\/Kopie-DSCN0026.jpg\" alt=\"Kopie - DSCN0026\" width=\"1024\" height=\"768\" srcset=\"https:\/\/jesenik.casd.cz\/wp-content\/uploads\/2016\/04\/Kopie-DSCN0026.jpg 1024w, https:\/\/jesenik.casd.cz\/wp-content\/uploads\/2016\/04\/Kopie-DSCN0026-300x225.jpg 300w\" sizes=\"auto, (max-width: 1024px) 100vw, 1024px\" \/><\/p>\n<p style=\"text-align: justify;\">Foto Radek Kamler<\/p>\n","protected":false},"excerpt":{"rendered":"<p>&#8222;Vzd\u00e1vej \u010dest Tv\u016frci, On vl\u00e1dcem je zem\u011b i nebe&#8230;&#8220;\u00a0T\u011bmito slovy n\u00e1s zve k oslavov\u00e1n\u00ed Boha Stvo\u0159itele prvn\u00ed p\u00edse\u0148 ze zp\u011bvn\u00edku &#8222;Zp\u00edvejme Hospodinu&#8220;. Napsal ji\u00a0v druh\u00e9 polovin\u011b 17. stolet\u00ed Joachim Neander\u00a0na n\u00e1p\u011bv\u00a0Geistlicha Stralsunda. Na kytaru hraje\u00a0Jaroslav Jano\u0161t\u00edk. &nbsp; Autor p\u016fvodn\u00edho textu &hellip; <a href=\"https:\/\/jesenik.casd.cz\/?p=1878\">Cel\u00fd p\u0159\u00edsp\u011bvek <span class=\"meta-nav\">&rarr;<\/span><\/a><\/p>\n","protected":false},"author":1,"featured_media":1891,"comment_status":"open","ping_status":"open","sticky":true,"template":"","format":"standard","meta":{"ngg_post_thumbnail":0,"footnotes":""},"categories":[1,14],"tags":[],"class_list":["post-1878","post","type-post","status-publish","format-standard","has-post-thumbnail","hentry","category-nezarazene","category-pisne"],"_links":{"self":[{"href":"https:\/\/jesenik.casd.cz\/index.php?rest_route=\/wp\/v2\/posts\/1878","targetHints":{"allow":["GET"]}}],"collection":[{"href":"https:\/\/jesenik.casd.cz\/index.php?rest_route=\/wp\/v2\/posts"}],"about":[{"href":"https:\/\/jesenik.casd.cz\/index.php?rest_route=\/wp\/v2\/types\/post"}],"author":[{"embeddable":true,"href":"https:\/\/jesenik.casd.cz\/index.php?rest_route=\/wp\/v2\/users\/1"}],"replies":[{"embeddable":true,"href":"https:\/\/jesenik.casd.cz\/index.php?rest_route=%2Fwp%2Fv2%2Fcomments&post=1878"}],"version-history":[{"count":17,"href":"https:\/\/jesenik.casd.cz\/index.php?rest_route=\/wp\/v2\/posts\/1878\/revisions"}],"predecessor-version":[{"id":1897,"href":"https:\/\/jesenik.casd.cz\/index.php?rest_route=\/wp\/v2\/posts\/1878\/revisions\/1897"}],"wp:featuredmedia":[{"embeddable":true,"href":"https:\/\/jesenik.casd.cz\/index.php?rest_route=\/wp\/v2\/media\/1891"}],"wp:attachment":[{"href":"https:\/\/jesenik.casd.cz\/index.php?rest_route=%2Fwp%2Fv2%2Fmedia&parent=1878"}],"wp:term":[{"taxonomy":"category","embeddable":true,"href":"https:\/\/jesenik.casd.cz\/index.php?rest_route=%2Fwp%2Fv2%2Fcategories&post=1878"},{"taxonomy":"post_tag","embeddable":true,"href":"https:\/\/jesenik.casd.cz\/index.php?rest_route=%2Fwp%2Fv2%2Ftags&post=1878"}],"curies":[{"name":"wp","href":"https:\/\/api.w.org\/{rel}","templated":true}]}}