{"id":1901,"date":"2016-05-09T20:21:49","date_gmt":"2016-05-09T18:21:49","guid":{"rendered":"http:\/\/jesenik.casd.cz\/?p=1901"},"modified":"2016-07-05T21:41:52","modified_gmt":"2016-07-05T19:41:52","slug":"jak-uzasna","status":"publish","type":"post","link":"https:\/\/jesenik.casd.cz\/?p=1901","title":{"rendered":"&#8222;Jak \u00fa\u017easn\u00e1&#8220;"},"content":{"rendered":"<p>Jednou z \u00a0nej\u010dast\u011bji zp\u00edvan\u00fdch p\u00edsn\u00ed ze zp\u011bvn\u00edku &#8222;Chci oslavoval&#8220; je p\u00edse\u0148 \u010d\u00edslo 12, kter\u00e1 nese n\u00e1zev &#8222;Jak \u00fa\u017easn\u00e1&#8220;. Poslechn\u011bte si jej\u00ed melodii v pod\u00e1n\u00ed kytaristy Jaroslava Jano\u0161t\u00edka.<\/p>\n<p>&nbsp;<\/p>\n<audio class=\"wp-audio-shortcode\" id=\"audio-1901-1\" preload=\"none\" style=\"width: 100%;\" controls=\"controls\"><source type=\"audio\/mpeg\" src=\"http:\/\/jesenik.casd.cz\/wp-content\/uploads\/2016\/05\/Jak-uzasna-12.mp3?_=1\" \/><a href=\"http:\/\/jesenik.casd.cz\/wp-content\/uploads\/2016\/05\/Jak-uzasna-12.mp3\">http:\/\/jesenik.casd.cz\/wp-content\/uploads\/2016\/05\/Jak-uzasna-12.mp3<\/a><\/audio>\n<p>&nbsp;<\/p>\n<p style=\"text-align: justify;\"><em>&#8222;Jak \u00fa\u017easn\u00e1 mus\u00ed ta l\u00e1ska b\u00fdt, co p\u0159i\u0161la k n\u00e1m o v\u0161e se rozd\u011blit&#8230;&#8220;<\/em><\/p>\n<p style=\"text-align: justify;\">O l\u00e1sce se zp\u00edv\u00e1 mnoho p\u00edsn\u00ed, hovo\u0159\u00ed o n\u00ed b\u00e1sn\u00edci, je n\u00e1m\u011btem obraz\u016f, hudebn\u00edch skladeb i film\u016f. L\u00e1ska je n\u011bco, co se t\u00fdk\u00e1 ka\u017ed\u00e9ho z n\u00e1s. V poh\u00e1dk\u00e1ch b\u00fdv\u00e1 l\u00e1ska n\u011bkdy zn\u00e1zorn\u011bna jako osoba. Koho se ta l\u00e1ska dotkne, jeho srdce se rozeh\u0159eje a st\u00e1v\u00e1 se jin\u00fdm, lep\u0161\u00edm.<\/p>\n<p style=\"text-align: justify;\">\u017dijeme v re\u00e1ln\u00e9m sv\u011bt\u011b, p\u0159esto m\u016f\u017eeme uva\u017eovat podobn\u011b: o L\u00e1sce jako osob\u011b, kter\u00e1 n\u00e1s dob\u0159e zn\u00e1 &#8211; ale nic n\u00e1m nevy\u010d\u00edt\u00e1&#8230; o L\u00e1sce, kter\u00e1 n\u00e1m rozum\u00ed a m\u00e1 \u0159e\u0161en\u00ed na v\u0161echny na\u0161e probl\u00e9my&#8230; o L\u00e1sce, kter\u00e1 se rozhodla postavit se na na\u0161i stranu a zachr\u00e1nit n\u00e1s. Podle slov Bible to nen\u00ed poh\u00e1dkov\u00e1 postava, ale osoba Je\u017e\u00ed\u0161e Krista, kter\u00fd miluje tak vroucn\u011b, \u017ee ho m\u016f\u017eeme slovem L\u00e1ska ozna\u010dit, proto\u017ee l\u00e1ska &#8211; to je jeho podstata.<\/p>\n<p style=\"text-align: justify;\">Kdy\u017e poslouch\u00e1m na\u0161i dne\u0161n\u00ed p\u00edse\u0148 a uva\u017euji nad jej\u00edmi slovy, vybavuj\u00ed se mi ver\u0161e z Bible z listu Filipsk\u00fdm 2,6-11. Apo\u0161tol Pavel\u00a0<span style=\"font-size: 13px;\">v nich popisuje Je\u017e\u00ed\u0161ovo postaven\u00ed v nebi a p\u00ed\u0161e o tom, jak se stal jedn\u00edm z lid\u00ed. P\u00e1n vesm\u00edru odlo\u017eil svou d\u016fstojnost a stal se slu\u017eebn\u00edkem, aby mohl p\u0159in\u00e9st nad\u011bji tam, kde z lidsk\u00e9ho pohledu u\u017e \u017e\u00e1dn\u00e1 nad\u011bje nebyla, aby mohl zachr\u00e1nit \u010dlov\u011bka. Motivem pro to byla pr\u00e1v\u011b jeho l\u00e1ska. Zem\u0159el za n\u00e1s, abychom my mohli \u017e\u00edt.<\/span><\/p>\n<p style=\"text-align: justify;\">V\u0161ichni k\u0159es\u0165an\u00e9 svorn\u011b vyzn\u00e1vaj\u00ed, \u017ee &#8222;Je\u017e\u00ed\u0161 Kristus je P\u00e1n&#8220; a jsou vd\u011b\u010dn\u00ed za jeho k\u0159\u00ed\u017e.\u00a0Jako adventist\u00e9 sedm\u00e9ho dne se \u010dasto pou\u0161t\u00edme tak horliv\u011b do obrany platnosti Bo\u017e\u00edho z\u00e1kona, \u017ee n\u00e1s mnoz\u00ed podez\u00edraj\u00ed, \u017ee Kristovu ob\u011b\u0165 nepova\u017eujeme za d\u016fle\u017eitou. Ne. I my vn\u00edm\u00e1me,\u00a0\u017ee nem\u016f\u017eeme ud\u011blat v\u016fbec nic, abychom si zaslou\u017eili Bo\u017e\u00ed p\u0159\u00edze\u0148.<\/p>\n<p style=\"text-align: justify;\">Evangelium je \u00fa\u017easn\u00e1 zpr\u00e1va\u00a0o z\u00e1chran\u011b z Bo\u017e\u00ed milosti, kterou n\u00e1m B\u016fh v Je\u017e\u00ed\u0161i Kristu z l\u00e1sky d\u00e1v\u00e1. B\u016fh n\u00e1m svou milost neud\u011bluje pro to, jac\u00ed jsme nebo za to, co d\u011bl\u00e1me, ale pro to k\u00fdm je On a co ud\u011blal On s\u00e1m. Kristova ob\u011b\u0165 je jedin\u00fd kl\u00ed\u010d k bran\u00e1m nebesk\u00e9ho kr\u00e1lovstv\u00ed.<\/p>\n<p style=\"text-align: justify;\">A co je pro n\u00e1s Bo\u017e\u00ed z\u00e1kon? Ukazatel na cest\u011b, kter\u00e1 vede \u010dlov\u011bka k citlivosti k sob\u011b sam\u00e9mu i k druh\u00fdm lidem a p\u0159edev\u0161\u00edm k Bohu. A proto\u017ee sami nejsme schopni naplnit Bo\u017e\u00ed z\u00e1kon sv\u00fdmi \u017eivoty, p\u0159i\u0161el, aby n\u00e1s to nejenom nau\u010dil a z\u00e1rove\u0148 vzal na\u0161e p\u0159estoupen\u00ed na sebe.<\/p>\n<p style=\"text-align: justify;\">Tak velkou l\u00e1sku si ani nedok\u00e1\u017eeme p\u0159edstavit.\u00a0Tu l\u00e1sku chce B\u016fh vl\u00edt i do na\u0161ich srdc\u00ed. Proto pos\u00edl\u00e1 Ducha svat\u00e9ho &#8211; na\u0161eho Pr\u016fvodce a Ut\u011b\u0161itele, aby n\u00e1s u\u010dil \u017e\u00edt podle Bo\u017e\u00edch p\u0159edstav a p\u0159ipom\u00ednal n\u00e1m, \u017ee B\u016fh je na na\u0161\u00ed stran\u011b a tou\u017e\u00ed n\u00e1s obejmout. V Je\u017e\u00ed\u0161i Kristu pro to ud\u011blal v\u0161echno, co bylo t\u0159eba.<\/p>\n<audio class=\"wp-audio-shortcode\" id=\"audio-1901-2\" preload=\"none\" style=\"width: 100%;\" controls=\"controls\"><source type=\"audio\/mpeg\" src=\"http:\/\/jesenik.casd.cz\/wp-content\/uploads\/2016\/05\/Jak-uzasna-12.mp3?_=2\" \/><a href=\"http:\/\/jesenik.casd.cz\/wp-content\/uploads\/2016\/05\/Jak-uzasna-12.mp3\">http:\/\/jesenik.casd.cz\/wp-content\/uploads\/2016\/05\/Jak-uzasna-12.mp3<\/a><\/audio>\n<p>&nbsp;<\/p>\n<p><em><strong>Jak \u00fa\u017easn\u00e1<\/strong><\/em><\/p>\n<p>&nbsp;<\/p>\n<p><em>1. Jak \u00fa\u017easn\u00e1 mus\u00ed ta l\u00e1ska b\u00fdt,<\/em><\/p>\n<p><em>co p\u0159i\u0161la k\u00a0n\u00e1m o v\u0161e se rozd\u011blit,<\/em><\/p>\n<p><em>d\u00e1t novou vl\u00e1hu pou\u0161ti sp\u00e1len\u00e9,<\/em><\/p>\n<p><em>p\u0159ibl\u00ed\u017eit n\u00e1m nebe tak vzd\u00e1len\u00e9.<\/em><\/p>\n<p><em>\u00a0<\/em><\/p>\n<p><em>2. Svou sl\u00e1vy \u0159\u00ed\u0161 opustils kv\u016fli n\u00e1m,<\/em><\/p>\n<p><em>nemusels j\u00edt a p\u0159ece \u0161el jsi s\u00e1m,<\/em><\/p>\n<p><em>tv\u00e1\u0159 p\u0159\u00e1telskou jsi nikde nevid\u011bl,<\/em><\/p>\n<p><em>kdy\u017e prokl\u00edn\u00e1n jsi k\u00a0popravi\u0161ti \u0161el.<\/em><\/p>\n<p><em>\u00a0<\/em><\/p>\n<p><em>3. Tam m\u00edsto n\u00e1s \u017eivot jsi polo\u017eil,<\/em><\/p>\n<p><em>vr\u00e1til ses zas, abys ho rozmno\u017eil,<\/em><\/p>\n<p><em>v\u00edm, abych j\u00e1 moh\u00b4v\u011b\u010dn\u00fd \u017eivot \u017e\u00edt,<\/em><\/p>\n<p><em>musel m\u016fj P\u00e1n tou cestou k\u0159\u00ed\u017ee j\u00edt.<\/em><\/p>\n<p>&nbsp;<\/p>\n<p><img loading=\"lazy\" decoding=\"async\" class=\"alignnone size-full wp-image-1905\" src=\"http:\/\/jesenik.casd.cz\/wp-content\/uploads\/2016\/05\/Kopie-2-P1270965.jpg\" alt=\"Kopie (2) - P1270965\" width=\"1024\" height=\"768\" srcset=\"https:\/\/jesenik.casd.cz\/wp-content\/uploads\/2016\/05\/Kopie-2-P1270965.jpg 1024w, https:\/\/jesenik.casd.cz\/wp-content\/uploads\/2016\/05\/Kopie-2-P1270965-300x225.jpg 300w\" sizes=\"auto, (max-width: 1024px) 100vw, 1024px\" \/><\/p>\n<p>&nbsp;<\/p>\n<p>&nbsp;<\/p>\n<p>&nbsp;<\/p>\n","protected":false},"excerpt":{"rendered":"<p>Jednou z \u00a0nej\u010dast\u011bji zp\u00edvan\u00fdch p\u00edsn\u00ed ze zp\u011bvn\u00edku &#8222;Chci oslavoval&#8220; je p\u00edse\u0148 \u010d\u00edslo 12, kter\u00e1 nese n\u00e1zev &#8222;Jak \u00fa\u017easn\u00e1&#8220;. Poslechn\u011bte si jej\u00ed melodii v pod\u00e1n\u00ed kytaristy Jaroslava Jano\u0161t\u00edka. &nbsp; &nbsp; &#8222;Jak \u00fa\u017easn\u00e1 mus\u00ed ta l\u00e1ska b\u00fdt, co p\u0159i\u0161la k n\u00e1m o &hellip; <a href=\"https:\/\/jesenik.casd.cz\/?p=1901\">Cel\u00fd p\u0159\u00edsp\u011bvek <span class=\"meta-nav\">&rarr;<\/span><\/a><\/p>\n","protected":false},"author":1,"featured_media":1906,"comment_status":"open","ping_status":"open","sticky":false,"template":"","format":"standard","meta":{"ngg_post_thumbnail":0,"footnotes":""},"categories":[1,14],"tags":[],"class_list":["post-1901","post","type-post","status-publish","format-standard","has-post-thumbnail","hentry","category-nezarazene","category-pisne"],"_links":{"self":[{"href":"https:\/\/jesenik.casd.cz\/index.php?rest_route=\/wp\/v2\/posts\/1901","targetHints":{"allow":["GET"]}}],"collection":[{"href":"https:\/\/jesenik.casd.cz\/index.php?rest_route=\/wp\/v2\/posts"}],"about":[{"href":"https:\/\/jesenik.casd.cz\/index.php?rest_route=\/wp\/v2\/types\/post"}],"author":[{"embeddable":true,"href":"https:\/\/jesenik.casd.cz\/index.php?rest_route=\/wp\/v2\/users\/1"}],"replies":[{"embeddable":true,"href":"https:\/\/jesenik.casd.cz\/index.php?rest_route=%2Fwp%2Fv2%2Fcomments&post=1901"}],"version-history":[{"count":9,"href":"https:\/\/jesenik.casd.cz\/index.php?rest_route=\/wp\/v2\/posts\/1901\/revisions"}],"predecessor-version":[{"id":1921,"href":"https:\/\/jesenik.casd.cz\/index.php?rest_route=\/wp\/v2\/posts\/1901\/revisions\/1921"}],"wp:featuredmedia":[{"embeddable":true,"href":"https:\/\/jesenik.casd.cz\/index.php?rest_route=\/wp\/v2\/media\/1906"}],"wp:attachment":[{"href":"https:\/\/jesenik.casd.cz\/index.php?rest_route=%2Fwp%2Fv2%2Fmedia&parent=1901"}],"wp:term":[{"taxonomy":"category","embeddable":true,"href":"https:\/\/jesenik.casd.cz\/index.php?rest_route=%2Fwp%2Fv2%2Fcategories&post=1901"},{"taxonomy":"post_tag","embeddable":true,"href":"https:\/\/jesenik.casd.cz\/index.php?rest_route=%2Fwp%2Fv2%2Ftags&post=1901"}],"curies":[{"name":"wp","href":"https:\/\/api.w.org\/{rel}","templated":true}]}}