{"id":1924,"date":"2016-05-15T08:04:51","date_gmt":"2016-05-15T06:04:51","guid":{"rendered":"http:\/\/jesenik.casd.cz\/?p=1924"},"modified":"2016-07-05T21:41:17","modified_gmt":"2016-07-05T19:41:17","slug":"sasanka","status":"publish","type":"post","link":"https:\/\/jesenik.casd.cz\/?p=1924","title":{"rendered":"Sasanka"},"content":{"rendered":"<p style=\"text-align: justify;\"><a href=\"http:\/\/hanusovice.casd.cz\/wp-content\/uploads\/2016\/04\/Sasanka-hajn\u00ed.jpg\"><img loading=\"lazy\" decoding=\"async\" class=\"  wp-image-3827 alignleft\" src=\"http:\/\/hanusovice.casd.cz\/wp-content\/uploads\/2016\/04\/Sasanka-hajn\u00ed-300x225.jpg\" alt=\"Sasanka hajn\u00ed\" width=\"232\" height=\"174\" \/><\/a><span style=\"font-size: 10pt; font-family: georgia, palatino;\"><em><span style=\"color: #008000;\">Je kv\u011bten, jeden z nejkr\u00e1sn\u011bj\u0161\u00edch m\u011bs\u00edc\u016f v roce. U\u017e od d\u011btstv\u00ed \u017easneme nad v\u016fn\u00ed, barvou i tvary kv\u011btin, kter\u00fdch jsou te\u010f kolem n\u00e1s z\u00e1plavy.<br \/>\nV minul\u00e9m p\u0159\u00edsp\u011bvku o kv\u011btin\u00e1ch jsme v\u00e1s pozvali ke spole\u010dn\u00e9mu pozorov\u00e1n\u00ed n\u011bkter\u00fdch rostlin. L\u00edbilo se v\u00e1m pov\u00edd\u00e1n\u00ed o dev\u011btsilu? \u00a0M\u011bli jste z n\u011bj n\u011bjak\u00fd u\u017eitek? Jestli ano, m\u016f\u017eete se o to pod\u011blit v koment\u00e1\u0159i.<\/span><\/em><\/span><\/p>\n<p style=\"text-align: justify;\"><span style=\"font-size: 10pt;\"><span style=\"font-family: georgia, palatino;\"><em><span style=\"color: #008000;\">Dnes v\u00e1s zveme ke \u010dten\u00ed dal\u0161\u00edho p\u0159\u00edsp\u011bvku, kter\u00fd pro v\u00e1s p\u0159ipravila pan\u00ed Ludmila Jano\u0161t\u00edkov\u00e1. Tak\u00e9 v n\u011bm se p\u00ed\u0161e o souvislostech mezi n\u00e1zvem rostliny a biblick\u00fdmi texty. \u00a0Je o sasance hajn\u00ed.<\/span><\/em><\/span><\/span><\/p>\n<p style=\"text-align: justify;\"><span style=\"font-size: 10pt;\"><span style=\"font-family: georgia, palatino;\"><em><span style=\"color: #008000;\">P\u0159eji v\u00e1m, aby v\u00e1s p\u0159\u00edsp\u011bvek pot\u011b\u0161il a povzbudil k dal\u0161\u00edmu hled\u00e1n\u00ed a objevov\u00e1n\u00ed.\u00a0<\/span><\/em><\/span><\/span><\/p>\n<p><strong>Sasanka hajn\u00ed<\/strong><\/p>\n<p style=\"text-align: justify;\">Sasanka hajn\u00ed, slovensky veternica h\u00e1jna, je vytrval\u00e1 bylina nanejv\u00fd\u0161 30 cm vysok\u00e1. Roste v\u00a0listnat\u00fdch les\u00edch, kde je dostatek sv\u011btla a vlhkosti. Vyskytuje se v\u00a0Evrop\u011b, v Asii a ve st\u0159edn\u00ed \u010d\u00e1sti USA.\u00a0 V\u00a0\u010cesk\u00e9 republice se s\u00a0n\u00ed setk\u00e1me prakticky v\u0161ude od n\u00ed\u017ein a\u017e po horsk\u00e9 polohy Hrub\u00e9ho Jesen\u00edku \u2013 na Keprn\u00edku. Kvete v\u00a0b\u0159eznu a\u017e kv\u011btnu.<\/p>\n<p style=\"text-align: justify;\">\u010cerstv\u011b utr\u017een\u00e1 rostlina sasanky hajn\u00ed je jedovat\u00e1, po usu\u0161en\u00ed jedovatost z\u010d\u00e1sti miz\u00ed. V\u00a0lidov\u00e9m l\u00e9\u010ditelstv\u00ed byla d\u0159\u00edve pou\u017e\u00edv\u00e1na jako l\u00e9k proti revmatizmu. Pro nebezpe\u010dn\u00e9 vedlej\u0161\u00ed \u00fa\u010dinky se v\u0161ak ji\u017e nepou\u017e\u00edv\u00e1. Ud\u00e1v\u00e1 se, \u017ee 30 rostlin je pro \u010dlov\u011bka smrt\u00edc\u00ed.<\/p>\n<p style=\"text-align: justify;\">Latinsk\u00fd n\u00e1zev sasanky <em>anemone nemorosa<\/em> \u00a0je odvozen od \u0159eck\u00e9ho slova anemos \u2013 v\u00edtr, jeliko\u017e se rostlina i p\u0159i slab\u00e9m v\u011btru oh\u00fdb\u00e1 a okv\u011btn\u00ed l\u00edstky ve v\u011btru snadno opad\u00e1vaj\u00ed.\u00a0 To vystihuje i slovensk\u00fd n\u00e1zev sasanky \u2013 veternica h\u00e1jna.<\/p>\n<p style=\"text-align: justify;\"><span style=\"color: #000000;\">P\u0159i pohledu na tuto kr\u00e1snou kv\u011btinku se mn\u011b vybavuj\u00ed slova \u017dalmu 103, \u00a0ver\u0161e 15 \u2013 18:<\/span><\/p>\n<p style=\"text-align: justify;\"><span style=\"color: #808080; font-family: georgia, palatino;\"><em>\u010clov\u011bk, jeho\u017e dny jsou jako tr\u00e1va,<\/em><\/span><\/p>\n<p style=\"text-align: justify;\"><span style=\"color: #808080; font-family: georgia, palatino;\"><em>rozkv\u00e9t\u00e1 jak poln\u00ed kv\u00edt\u00ed;<\/em><\/span><\/p>\n<p style=\"text-align: justify;\"><span style=\"color: #808080; font-family: georgia, palatino;\"><em>sotva ho ovane v\u00edtr, u\u017e tu nen\u00ed,<\/em><\/span><\/p>\n<p style=\"text-align: justify;\"><span style=\"color: #808080; font-family: georgia, palatino;\"><em>u\u017e se neobjev\u00ed na sv\u00e9m m\u00edst\u011b.<\/em><\/span><\/p>\n<p style=\"text-align: justify;\"><span style=\"color: #808080; font-family: georgia, palatino;\"><em>Av\u0161ak Hospodinovo milosrdenstv\u00ed je od v\u011bk\u016f na v\u011bky<\/em><\/span><\/p>\n<p style=\"text-align: justify;\"><span style=\"color: #808080; font-family: georgia, palatino;\"><em>s\u00a0t\u011bmi, kdo se ho boj\u00ed,<\/em><\/span><\/p>\n<p style=\"text-align: justify;\"><span style=\"color: #808080; font-family: georgia, palatino;\"><em>jeho spravedlnost i se syny syn\u016f,<\/em><\/span><\/p>\n<p style=\"text-align: justify;\"><span style=\"color: #808080; font-family: georgia, palatino;\"><em>s\u00a0t\u011bmi, kte\u0159\u00ed dodr\u017euj\u00ed jeho smlouvu,<\/em><\/span><\/p>\n<p style=\"text-align: justify;\"><span style=\"color: #808080; font-family: georgia, palatino;\"><em>kte\u0159\u00ed pamatuj\u00ed na jeho ustanoven\u00ed a pln\u00ed je.<\/em><\/span><\/p>\n<p style=\"text-align: justify;\"><a href=\"http:\/\/hanusovice.casd.cz\/wp-content\/uploads\/2016\/04\/Sasanka-hajn\u00ed.jpg\"><img loading=\"lazy\" decoding=\"async\" class=\"alignnone size-large wp-image-3827\" src=\"http:\/\/hanusovice.casd.cz\/wp-content\/uploads\/2016\/04\/Sasanka-hajn\u00ed-1024x768.jpg\" alt=\"Sasanka hajn\u00ed\" width=\"700\" height=\"525\" \/><\/a><\/p>\n","protected":false},"excerpt":{"rendered":"<p>Je kv\u011bten, jeden z nejkr\u00e1sn\u011bj\u0161\u00edch m\u011bs\u00edc\u016f v roce. U\u017e od d\u011btstv\u00ed \u017easneme nad v\u016fn\u00ed, barvou i tvary kv\u011btin, kter\u00fdch jsou te\u010f kolem n\u00e1s z\u00e1plavy. V minul\u00e9m p\u0159\u00edsp\u011bvku o kv\u011btin\u00e1ch jsme v\u00e1s pozvali ke spole\u010dn\u00e9mu pozorov\u00e1n\u00ed n\u011bkter\u00fdch rostlin. L\u00edbilo se v\u00e1m &hellip; <a href=\"https:\/\/jesenik.casd.cz\/?p=1924\">Cel\u00fd p\u0159\u00edsp\u011bvek <span class=\"meta-nav\">&rarr;<\/span><\/a><\/p>\n","protected":false},"author":1,"featured_media":1926,"comment_status":"open","ping_status":"open","sticky":false,"template":"","format":"standard","meta":{"ngg_post_thumbnail":0,"footnotes":""},"categories":[1],"tags":[],"class_list":["post-1924","post","type-post","status-publish","format-standard","has-post-thumbnail","hentry","category-nezarazene"],"_links":{"self":[{"href":"https:\/\/jesenik.casd.cz\/index.php?rest_route=\/wp\/v2\/posts\/1924","targetHints":{"allow":["GET"]}}],"collection":[{"href":"https:\/\/jesenik.casd.cz\/index.php?rest_route=\/wp\/v2\/posts"}],"about":[{"href":"https:\/\/jesenik.casd.cz\/index.php?rest_route=\/wp\/v2\/types\/post"}],"author":[{"embeddable":true,"href":"https:\/\/jesenik.casd.cz\/index.php?rest_route=\/wp\/v2\/users\/1"}],"replies":[{"embeddable":true,"href":"https:\/\/jesenik.casd.cz\/index.php?rest_route=%2Fwp%2Fv2%2Fcomments&post=1924"}],"version-history":[{"count":3,"href":"https:\/\/jesenik.casd.cz\/index.php?rest_route=\/wp\/v2\/posts\/1924\/revisions"}],"predecessor-version":[{"id":1936,"href":"https:\/\/jesenik.casd.cz\/index.php?rest_route=\/wp\/v2\/posts\/1924\/revisions\/1936"}],"wp:featuredmedia":[{"embeddable":true,"href":"https:\/\/jesenik.casd.cz\/index.php?rest_route=\/wp\/v2\/media\/1926"}],"wp:attachment":[{"href":"https:\/\/jesenik.casd.cz\/index.php?rest_route=%2Fwp%2Fv2%2Fmedia&parent=1924"}],"wp:term":[{"taxonomy":"category","embeddable":true,"href":"https:\/\/jesenik.casd.cz\/index.php?rest_route=%2Fwp%2Fv2%2Fcategories&post=1924"},{"taxonomy":"post_tag","embeddable":true,"href":"https:\/\/jesenik.casd.cz\/index.php?rest_route=%2Fwp%2Fv2%2Ftags&post=1924"}],"curies":[{"name":"wp","href":"https:\/\/api.w.org\/{rel}","templated":true}]}}