{"id":1929,"date":"2016-05-26T07:48:06","date_gmt":"2016-05-26T05:48:06","guid":{"rendered":"http:\/\/jesenik.casd.cz\/?p=1929"},"modified":"2016-07-05T21:40:55","modified_gmt":"2016-07-05T19:40:55","slug":"prvosenka","status":"publish","type":"post","link":"https:\/\/jesenik.casd.cz\/?p=1929","title":{"rendered":"Prvosenka"},"content":{"rendered":"<p style=\"text-align: justify;\"><span style=\"color: #008000;\"><em><span style=\"font-family: georgia, palatino;\">Mil\u00ed n\u00e1v\u0161t\u011bvn\u00edci na\u0161eho blogu. Zveme v\u00e1s dnes k dal\u0161\u00ed vzpom\u00ednce na &#8222;prvn\u00ed jarn\u00ed kv\u00edt\u00ed&#8220; a r\u00e1di bychom se s v\u00e1mi pod\u011blili o t\u0159et\u00ed \u00favahu pan\u00ed Ludmily Jano\u0161t\u00edkov\u00e9. Tentokr\u00e1t je o prvosence jarn\u00ed. <\/span><\/em><\/span><\/p>\n<p style=\"text-align: justify;\"><span style=\"color: #008000;\"><em><span style=\"font-family: georgia, palatino;\">U\u017e samotn\u00fd lidov\u00fd n\u00e1zev prvosenky &#8222;petrkl\u00ed\u010d&#8220; \u00a0n\u00e1m napov\u00edd\u00e1 o \u010dem a o kom budou biblick\u00e9 texty v z\u00e1v\u011bru p\u0159\u00edsp\u011bvku.\u00a0<\/span><\/em><\/span><\/p>\n<p style=\"text-align: justify;\"><em><span style=\"color: #008000; font-family: georgia, palatino;\">P\u0159ejeme v\u00e1m n\u00e1dhern\u00e9 dny v rozkvetl\u00e9 p\u0159\u00edrod\u011b i bl\u00edzkost Toho, kter\u00fd ji pro n\u00e1s vytvo\u0159il.<\/span><\/em><\/p>\n<p style=\"text-align: justify;\"><strong>Prvosenka jarn\u00ed<\/strong><\/p>\n<p style=\"text-align: justify;\">Prvosenka jarn\u00ed, lidov\u011b zvan\u00e1 petrkl\u00ed\u010d, pat\u0159\u00ed k\u00a0prvn\u00edm posl\u016fm jara.<\/p>\n<p style=\"text-align: justify;\">Roste t\u00e9m\u011b\u0159 po cel\u00e9 Evrop\u011b vyjma St\u0159edozem\u00ed a nejsevern\u011bj\u0161\u00edch oblast\u00ed.<\/p>\n<p style=\"text-align: justify;\">Podle \u010desk\u00e9ho \u010cerven\u00e9ho seznamu pat\u0159\u00ed mezi vz\u00e1cn\u011bj\u0161\u00ed a\u017e ohro\u017een\u00e9 druhy.<\/p>\n<p style=\"text-align: justify;\">Prvosenka jarn\u00ed je druh variabiln\u00ed, proto se rozd\u011bluje do v\u00edce poddruh\u016f (prav\u00e1, \u0161edav\u00e1, velkokali\u0161n\u00e1 a podobn\u011b).<\/p>\n<p style=\"text-align: justify;\">Ve st\u0159edov\u011bku se p\u011bstovala v\u00a0zahrad\u00e1ch pro kv\u011bty a listy, kter\u00e9 byly poj\u00edd\u00e1ny v\u00a0sal\u00e1tech. Nyn\u00ed se nej\u010dast\u011bji se pou\u017e\u00edv\u00e1 v\u00a0\u010dajov\u00fdch sm\u011bs\u00edch p\u0159i onemocn\u011bn\u00ed d\u00fdchac\u00edch cest. Pou\u017e\u00edv\u00e1 se tak\u00e9 do d\u017eem\u016f, sirup\u016f, v\u00edna a do n\u00e1levu pro kysel\u00e9 okurky.<\/p>\n<p style=\"text-align: justify;\">P\u0159es zimu ztr\u00e1c\u00ed star\u00e9 listy, nov\u00e1 listov\u00e1 r\u016f\u017eice vyr\u016fst\u00e1 z\u00a0oddenk\u016f na konci zimy (\u00fanor a\u017e b\u0159ezen) a tehdy se tak\u00e9 objevuj\u00ed jej\u00ed p\u016fvabn\u00e9 kv\u011bty.<\/p>\n<p style=\"text-align: justify;\">Jm\u00e9no petrkl\u00ed\u010d nazna\u010duje, \u00a0jako by tato kr\u00e1sn\u00e1 rostlinka m\u011bla kl\u00ed\u010d k\u00a0otev\u00edr\u00e1n\u00ed jara. V\u00a0N\u011bmecku se prvosence \u0159\u00edk\u00e1 bylina svat\u00e9ho Petra, co\u017e m\u00e1 pravd\u011bpodobn\u011b \u00a0souvislost s\u00a0biblick\u00fdm textem zaznamenan\u00fdm v\u00a0Evangeliu podle Matou\u0161e v\u00a016. kapitole:<\/p>\n<p style=\"text-align: justify;\"><span style=\"color: #808080;\"><em>Kdy\u017e Je\u017e\u00ed\u0161 p\u0159i\u0161el do okol\u00ed Cesareje Filipovy, zeptal se sv\u00fdch u\u010dedn\u00edk\u016f: \u201eZa koho maj\u00ed lid\u00e9 Syna \u010dlov\u011bka?\u201c\u00a0 \u201eA za koho m\u011b m\u00e1te vy?\u201c zeptal se.<\/em><\/span><\/p>\n<p style=\"text-align: justify;\"><span style=\"color: #808080;\"><em>\u201eTy jsi Mesi\u00e1\u0161, Syn \u017eiv\u00e9ho Boha!\u201c odpov\u011bd\u011bl mu \u0160imon Petr.<\/em><\/span><\/p>\n<p style=\"text-align: justify;\"><span style=\"color: #808080;\"><em>\u201eBlaze Tob\u011b, \u0160imone, synu Jon\u00e1\u0161\u016fv,\u201c \u0159ekl mu na to Je\u017e\u00ed\u0161. \u201eTohle Ti toti\u017e nezjevilo t\u011blo a krev, ale m\u016fj Otec v\u00a0nebes\u00edch.\u00a0 A j\u00e1 Ti \u0159\u00edk\u00e1m, \u017ee jsi Petr a na t\u00e9 sk\u00e1le postav\u00edm svou c\u00edrkev a br\u00e1ny pekel ji nep\u0159emohou. <strong><span style=\"color: #808080;\">D\u00e1m ti kl\u00ed\u010de od nebesk\u00e9ho kr\u00e1lovstv\u00ed:<\/span><\/strong> cokoli sv\u00e1\u017ee\u0161 na zemi, bude sv\u00e1z\u00e1no v\u00a0nebi a cokoli na zemi rozv\u00e1\u017ee\u0161, bude rozv\u00e1z\u00e1no v\u00a0nebi.\u201c<\/em><\/span><\/p>\n<p style=\"text-align: justify;\">Petr, u\u010dedn\u00edk P\u00e1na Je\u017e\u00ed\u0161e Krista na tomto m\u00edst\u011b obdr\u017eel kl\u00ed\u010d od kr\u00e1lovstv\u00ed nebesk\u00e9ho, aby svazoval a rozvazoval pro nebesk\u00e9 kr\u00e1lovstv\u00ed.<\/p>\n<p style=\"text-align: justify;\"><a href=\"http:\/\/hanusovice.casd.cz\/wp-content\/uploads\/2016\/03\/Prvosenka-jarni.jpg\"><img loading=\"lazy\" decoding=\"async\" class=\"alignnone size-large wp-image-3749\" src=\"http:\/\/hanusovice.casd.cz\/wp-content\/uploads\/2016\/03\/Prvosenka-jarni-1024x768.jpg\" alt=\"Z\u00e1zrak vzk?\u00ed\u00a8en\u00ed\" width=\"700\" height=\"525\" \/><\/a><\/p>\n<p style=\"text-align: justify;\">\n","protected":false},"excerpt":{"rendered":"<p>Mil\u00ed n\u00e1v\u0161t\u011bvn\u00edci na\u0161eho blogu. Zveme v\u00e1s dnes k dal\u0161\u00ed vzpom\u00ednce na &#8222;prvn\u00ed jarn\u00ed kv\u00edt\u00ed&#8220; a r\u00e1di bychom se s v\u00e1mi pod\u011blili o t\u0159et\u00ed \u00favahu pan\u00ed Ludmily Jano\u0161t\u00edkov\u00e9. Tentokr\u00e1t je o prvosence jarn\u00ed. U\u017e samotn\u00fd lidov\u00fd n\u00e1zev prvosenky &#8222;petrkl\u00ed\u010d&#8220; \u00a0n\u00e1m napov\u00edd\u00e1 &hellip; <a href=\"https:\/\/jesenik.casd.cz\/?p=1929\">Cel\u00fd p\u0159\u00edsp\u011bvek <span class=\"meta-nav\">&rarr;<\/span><\/a><\/p>\n","protected":false},"author":1,"featured_media":1931,"comment_status":"open","ping_status":"open","sticky":false,"template":"","format":"standard","meta":{"ngg_post_thumbnail":0,"footnotes":""},"categories":[1],"tags":[],"class_list":["post-1929","post","type-post","status-publish","format-standard","has-post-thumbnail","hentry","category-nezarazene"],"_links":{"self":[{"href":"https:\/\/jesenik.casd.cz\/index.php?rest_route=\/wp\/v2\/posts\/1929","targetHints":{"allow":["GET"]}}],"collection":[{"href":"https:\/\/jesenik.casd.cz\/index.php?rest_route=\/wp\/v2\/posts"}],"about":[{"href":"https:\/\/jesenik.casd.cz\/index.php?rest_route=\/wp\/v2\/types\/post"}],"author":[{"embeddable":true,"href":"https:\/\/jesenik.casd.cz\/index.php?rest_route=\/wp\/v2\/users\/1"}],"replies":[{"embeddable":true,"href":"https:\/\/jesenik.casd.cz\/index.php?rest_route=%2Fwp%2Fv2%2Fcomments&post=1929"}],"version-history":[{"count":2,"href":"https:\/\/jesenik.casd.cz\/index.php?rest_route=\/wp\/v2\/posts\/1929\/revisions"}],"predecessor-version":[{"id":1932,"href":"https:\/\/jesenik.casd.cz\/index.php?rest_route=\/wp\/v2\/posts\/1929\/revisions\/1932"}],"wp:featuredmedia":[{"embeddable":true,"href":"https:\/\/jesenik.casd.cz\/index.php?rest_route=\/wp\/v2\/media\/1931"}],"wp:attachment":[{"href":"https:\/\/jesenik.casd.cz\/index.php?rest_route=%2Fwp%2Fv2%2Fmedia&parent=1929"}],"wp:term":[{"taxonomy":"category","embeddable":true,"href":"https:\/\/jesenik.casd.cz\/index.php?rest_route=%2Fwp%2Fv2%2Fcategories&post=1929"},{"taxonomy":"post_tag","embeddable":true,"href":"https:\/\/jesenik.casd.cz\/index.php?rest_route=%2Fwp%2Fv2%2Ftags&post=1929"}],"curies":[{"name":"wp","href":"https:\/\/api.w.org\/{rel}","templated":true}]}}