{"id":1937,"date":"2016-07-15T21:01:52","date_gmt":"2016-07-15T19:01:52","guid":{"rendered":"http:\/\/jesenik.casd.cz\/?p=1937"},"modified":"2016-07-15T21:01:52","modified_gmt":"2016-07-15T19:01:52","slug":"ze-zivota-mudr-kubika-jak-jsem-zacinal-v-laznich-jesenik-na-grafenberku","status":"publish","type":"post","link":"https:\/\/jesenik.casd.cz\/?p=1937","title":{"rendered":"Ze \u017eivota MUDr. Kub\u00edka: Jak jsem za\u010d\u00ednal v l\u00e1zn\u00edch Jesen\u00edk (na Gr\u00e4fenberku)"},"content":{"rendered":"<p style=\"text-align: justify;\"><span style=\"color: #000080;\"><em>Kapitoly na\u0161eho \u017eivota jsou jedine\u010dn\u00e9 a\u00a0neopakovateln\u00e9 a <\/em><em>mohly by b\u00fdt seps\u00e1ny jako rom\u00e1n, ve kter\u00e9m nejenom v\u011bk p\u0159id\u00e1v\u00e1 dal\u0161\u00ed a dal\u0161\u00ed listy.<\/em><\/span><\/p>\n<p style=\"text-align: justify;\"><span style=\"color: #000080;\"><em>Jsem vd\u011b\u010dn\u00e1 bratru Kub\u00edkovi, \u017ee byl ochotn\u00fd pod\u011blit se s n\u00e1mi o zku\u0161enosti ze sv\u00e9ho \u017eivota, kter\u00fd byl\u00a0pln\u00fd p\u0159ekvapen\u00ed a zvrat\u016f.\u00a0P\u0159e\u010dt\u011bte si jeho pov\u00edd\u00e1n\u00ed o tom, jak se stal l\u00e9ka\u0159em, jak za\u010dal pracovat v na Gr\u00e4fenberku a jak\u00fdm zvl\u00e1\u0161tn\u00edm zp\u016fsobem mu P\u00e1n B\u016fh zajistil voln\u00e9 soboty k Jeho uct\u00edv\u00e1n\u00ed.<\/em><\/span><\/p>\n<p style=\"text-align: justify;\">&#8222;\u017divot ka\u017ed\u00e9ho \u010dlov\u011bka je poznamen\u00e1n n\u011bjak\u00fdmi zvl\u00e1\u0161tnosti, kter\u00e9 jeho b\u011bh zcela zm\u011bn\u00ed.<\/p>\n<p style=\"text-align: justify;\">Poch\u00e1z\u00edm z u\u010ditelsk\u00e9 rodiny. Otec byl\u00a0\u0159\u00edd\u00edc\u00ed u\u010ditel, matka u\u010ditelka, a tak jsem si nedok\u00e1zal p\u0159edstavit jin\u00e9 povol\u00e1n\u00ed, ne\u017e tak\u00e9 u\u010ditelsk\u00e9. Ov\u0161em\u2026<\/p>\n<p style=\"text-align: justify;\">Po II. sv\u011btov\u00e9 v\u00e1lce jsem jeden rok (ve \u0161koln\u00edm roce 1945\/46) u\u010dil a m\u011bl jsem sv\u00e9 povol\u00e1n\u00ed r\u00e1d. Av\u0161ak nastal p\u0159ekvapiv\u00fd zvrat: najednou jsem zatou\u017eil po studiu medic\u00edny. Bylo to smyslupln\u00e9? Kdy\u017e to do d\u016fsledku promysl\u00edm, vid\u00edm, \u017ee je zde N\u011bkdo, kdo v\u011bd\u011bl, co mne po asi t\u0159ech letech m\u00e9ho u\u010ditelov\u00e1n\u00ed \u010dekalo. Pro sv\u016fj \u201eidealistick\u00fd sv\u011btov\u00fd n\u00e1zor\u201c jsem\u00a0byl ozna\u010den za \u201etm\u00e1\u0159e\u201c\u00a0a \u017ee jsem od \u00fatl\u00e9ho d\u011btstv\u00ed uva\u017eoval o Bohu, bylo nezvratn\u00fdm d\u016fvodem k\u00a0tomu, abych u\u017e d\u00e9le u\u010dit nemohl.<\/p>\n<p style=\"text-align: justify;\">Za\u010dal jsem studovat medic\u00ednu a\u00a0to m\u011b zcela uchv\u00e1tilo. Kdy\u017e jsem po p\u011bti letech skon\u010dil, znamenalo to pro mne konec jednoho obdob\u00ed m\u00e9ho \u017eivota, ale p\u0159ede mnou se vyno\u0159il dal\u0161\u00ed konec, a to konec m\u00e9ho \u017eivota v\u016fbec. Byl jsem posti\u017een tou nejhor\u0161\u00ed formou tuberkul\u00f3zy plic.\u00a0S je\u0161t\u011b\u00a0\u201emokr\u00fdm\u201c diplomem jsem se dostal do nemocnice, ov\u0161em ne za \u00fa\u010delem p\u00e9\u010de o pacienty, n\u00fdbr\u017e jako pacient s\u00e1m; pacient, u kter\u00e9ho ka\u017ed\u00fd den o\u010dek\u00e1vali odchod z\u00a0tohoto sv\u011bta. Ale do\u0161lo k p\u0159ekvapen\u00ed: P\u0159es nedostate\u010dn\u00e9 d\u00e1vkov\u00e1n\u00ed l\u00e9\u010diva, kter\u00e9 bylo tenkr\u00e1t drah\u00e9, jsem se za\u010dal uzdravovat. Ten Velk\u00fd rozhodl: &#8222;Ty bude\u0161 \u017e\u00edt!&#8220; a po p\u016fl roce jsem byl propu\u0161t\u011bn dom\u016f. Dodnes se mi vybavuj\u00ed ver\u0161e \u017ealmu: \u201ejako z\u00e1zrak byl jsem mnoh\u00fdm, ale Ty jsi m\u00e9 siln\u00e9 douf\u00e1n\u00ed.\u201c (\u017d 71,7)<\/p>\n<p style=\"text-align: justify;\">Pak jsem je\u0161t\u011b absolvoval dol\u00e9\u010den\u00ed v\u00a0sanatoriu pro onemocn\u011bn\u00ed plic na Ple\u0161i. Tam jsem pobyl a\u017e do poloviny z\u00e1\u0159\u00ed 1952. Po tomto z\u00e1va\u017en\u00e9m onemocn\u011bn\u00ed, kter\u00e9 se na\u0161t\u011bst\u00ed ji\u017e v\u00edce neopakovalo, jsem si netroufal pracovat v nemocnici. Odjel jsem tedy do Prahy, abych u vedouc\u00edho l\u00e9ka\u0159e l\u00e1zn\u00ed, kter\u00e9 spadaly pod \u00fast\u0159edn\u00ed nemocenskou poji\u0161\u0165ovnu, za\u017e\u00e1dal o zam\u011bstn\u00e1n\u00ed v\u00a0l\u00e1zn\u00edch. M\u011bl jsem vyhl\u00e9dnuty Teplice nad Be\u010dvou, vedouc\u00ed l\u00e9ka\u0159 mne ale prosil, abych nastoupil v Jesen\u00edku, \u017ee tam nutn\u011b l\u00e9ka\u0159e pot\u0159ebuj\u00ed. Souhlasil jsem. Ov\u0161em netu\u0161il jsem, \u017ee sou\u010dasn\u011b v tu chv\u00edli, kdy jsem odch\u00e1zel, p\u0159ich\u00e1zel z druh\u00e9 strany chodby \u0159editel sanatoria na Ple\u0161i, kde jsem se sv\u00fdm pobytem kon\u010dil, aby s jistou zlomyslnost\u00ed upozornil onoho vedouc\u00edho l\u00e9ka\u0159e, jak\u00e9ho zam\u011bstnance p\u0159ij\u00edm\u00e1, \u017ee nepracuji v sobotu (viz 4. p\u0159ik\u00e1z\u00e1n\u00ed Desatera). Dozv\u011bd\u011bl jsem se o tom po n\u00e1vratu z Prahy a tak jsem se i v t\u00e9to sv\u00edzeln\u00e9 situaci obr\u00e1til na nebesk\u00e9ho Otce.<\/p>\n<p style=\"text-align: justify;\">Za n\u011bkolik dn\u016f po odjezdu ze sanatoria jsem poprv\u00e9 ve sv\u00e9m \u017eivot\u011b nav\u0161t\u00edvil\u00a0L\u00e1zn\u011b Jesen\u00edk. Byl slunn\u00fd den. V\u00a0l\u00e1zn\u00edch jsem potkal jednu o\u0161et\u0159ovatelku a ptal se j\u00ed, kde najdu prim\u00e1\u0159e sanatoria, ve kter\u00e9m budu pracovat. Informaci, kterou mi dala, doplnila \u00fasm\u011bvnou pozn\u00e1mkou, \u017ee kdy\u017e and\u00edlci l\u00edtaj\u00ed (byl jsem tam s man\u017eelkou), mus\u00ed sv\u00edtit slun\u00ed\u010dko.<\/p>\n<p style=\"text-align: justify;\">S\u00a0nap\u011bt\u00edm jsem vstupoval do ordinace sv\u00e9ho nast\u00e1vaj\u00edc\u00edho p\u0159edstaven\u00e9ho a prvn\u00ed co bylo, \u017ee jsem ihned poprosil o respektov\u00e1n\u00ed m\u00e9ho p\u0159esv\u011bd\u010den\u00ed a nab\u00eddl mu, \u017ee sobotn\u00ed absenci budu jak\u00fdmkoliv zp\u016fsobem kompenzovat. Up\u0159en\u011b se na mne pod\u00edval a jist\u011b vid\u011bl m\u00e9 vzru\u0161en\u00ed. \u201eA to v\u00e1m d\u011bl\u00e1 takovou starost? To je ji\u017e za\u0159\u00edzeno!\u201c Toti\u017e, onen vedouc\u00ed l\u00e9ka\u0159 z\u00a0Prahy byl v\u00a0Jesen\u00edku a navzdory z\u00e1jm\u016fm \u0159editele sanatoria na Ple\u0161i doporu\u010dil, aby bylo m\u00e9 n\u00e1bo\u017eensk\u00e9 p\u0159esv\u011bd\u010den\u00ed respektov\u00e1no. \u201eI hn\u011bv \u010dlov\u011bka t\u011b chv\u00e1lit mus\u00ed.\u201c (\u017d 76, 11). A tak mi vlastn\u011b pan \u0159editel sanatoria na Ple\u0161i ji\u017e p\u0159edem zajistil \u00fapravu m\u00e9 pracovn\u00ed doby na Gr\u00e4fenberku.<\/p>\n<p style=\"text-align: justify;\">\u00a0<img loading=\"lazy\" decoding=\"async\" class=\"alignnone size-medium wp-image-1944\" src=\"http:\/\/jesenik.casd.cz\/wp-content\/uploads\/2016\/07\/Sn\u00edmek-234-300x225.jpg\" alt=\"Sn\u00edmek 234\" width=\"300\" height=\"225\" srcset=\"https:\/\/jesenik.casd.cz\/wp-content\/uploads\/2016\/07\/Sn\u00edmek-234-300x225.jpg 300w, https:\/\/jesenik.casd.cz\/wp-content\/uploads\/2016\/07\/Sn\u00edmek-234.jpg 1024w\" sizes=\"auto, (max-width: 300px) 100vw, 300px\" \/><\/p>\n","protected":false},"excerpt":{"rendered":"<p>Kapitoly na\u0161eho \u017eivota jsou jedine\u010dn\u00e9 a\u00a0neopakovateln\u00e9 a mohly by b\u00fdt seps\u00e1ny jako rom\u00e1n, ve kter\u00e9m nejenom v\u011bk p\u0159id\u00e1v\u00e1 dal\u0161\u00ed a dal\u0161\u00ed listy. Jsem vd\u011b\u010dn\u00e1 bratru Kub\u00edkovi, \u017ee byl ochotn\u00fd pod\u011blit se s n\u00e1mi o zku\u0161enosti ze sv\u00e9ho \u017eivota, kter\u00fd byl\u00a0pln\u00fd &hellip; <a href=\"https:\/\/jesenik.casd.cz\/?p=1937\">Cel\u00fd p\u0159\u00edsp\u011bvek <span class=\"meta-nav\">&rarr;<\/span><\/a><\/p>\n","protected":false},"author":1,"featured_media":1944,"comment_status":"open","ping_status":"open","sticky":true,"template":"","format":"standard","meta":{"ngg_post_thumbnail":0,"footnotes":""},"categories":[1],"tags":[],"class_list":["post-1937","post","type-post","status-publish","format-standard","has-post-thumbnail","hentry","category-nezarazene"],"_links":{"self":[{"href":"https:\/\/jesenik.casd.cz\/index.php?rest_route=\/wp\/v2\/posts\/1937","targetHints":{"allow":["GET"]}}],"collection":[{"href":"https:\/\/jesenik.casd.cz\/index.php?rest_route=\/wp\/v2\/posts"}],"about":[{"href":"https:\/\/jesenik.casd.cz\/index.php?rest_route=\/wp\/v2\/types\/post"}],"author":[{"embeddable":true,"href":"https:\/\/jesenik.casd.cz\/index.php?rest_route=\/wp\/v2\/users\/1"}],"replies":[{"embeddable":true,"href":"https:\/\/jesenik.casd.cz\/index.php?rest_route=%2Fwp%2Fv2%2Fcomments&post=1937"}],"version-history":[{"count":6,"href":"https:\/\/jesenik.casd.cz\/index.php?rest_route=\/wp\/v2\/posts\/1937\/revisions"}],"predecessor-version":[{"id":1945,"href":"https:\/\/jesenik.casd.cz\/index.php?rest_route=\/wp\/v2\/posts\/1937\/revisions\/1945"}],"wp:featuredmedia":[{"embeddable":true,"href":"https:\/\/jesenik.casd.cz\/index.php?rest_route=\/wp\/v2\/media\/1944"}],"wp:attachment":[{"href":"https:\/\/jesenik.casd.cz\/index.php?rest_route=%2Fwp%2Fv2%2Fmedia&parent=1937"}],"wp:term":[{"taxonomy":"category","embeddable":true,"href":"https:\/\/jesenik.casd.cz\/index.php?rest_route=%2Fwp%2Fv2%2Fcategories&post=1937"},{"taxonomy":"post_tag","embeddable":true,"href":"https:\/\/jesenik.casd.cz\/index.php?rest_route=%2Fwp%2Fv2%2Ftags&post=1937"}],"curies":[{"name":"wp","href":"https:\/\/api.w.org\/{rel}","templated":true}]}}