{"id":1948,"date":"2016-08-04T16:08:08","date_gmt":"2016-08-04T14:08:08","guid":{"rendered":"http:\/\/jesenik.casd.cz\/?p=1948"},"modified":"2016-10-27T20:10:26","modified_gmt":"2016-10-27T18:10:26","slug":"ze-zivota-mudr-kubika-jeste-jednou-zacatky-v-jeseniku","status":"publish","type":"post","link":"https:\/\/jesenik.casd.cz\/?p=1948","title":{"rendered":"Ze \u017eivota MUDr. Kub\u00edka: Je\u0161t\u011b jednou za\u010d\u00e1tky v Jesen\u00edku"},"content":{"rendered":"<p style=\"text-align: justify;\"><span style=\"color: #000080;\"><em>Zazvo\u0148me spole\u010dn\u011b na zvonek s n\u00e1pisem Kub\u00edkovi. P\u0159ijde n\u00e1m otev\u0159\u00edt mil\u00e1 usm\u011bvav\u00e1 pan\u00ed. Ani\u010dka Kub\u00edkov\u00e1. Provede n\u00e1s p\u0159eds\u00edn\u00ed s obrazy a obr\u00e1zky po st\u011bn\u00e1ch a\u017e do pokoje pln\u00e9ho kv\u011btin a knih. Tam se m\u016f\u017eeme setkat i s jej\u00edm man\u017eelem a na\u0161\u00edm bratrem MUDr. Aloisem Kub\u00edkem. R\u00e1da poslouch\u00e1m jeho vzpom\u00ednky a mohla bych je sly\u0161et st\u00e1le znovu a znovu. Zaslechnete v nich z\u00e1pal, moudrost i smysl pro humor. T\u00edm v\u0161\u00edm jej B\u016fh obdaroval.<\/em><\/span><\/p>\n<p style=\"text-align: justify;\"><span style=\"color: #000080;\"><em>Dnes se m\u016f\u017eete pono\u0159it do dal\u0161\u00edho p\u0159\u00edb\u011bhu z jeho \u017eivota, kter\u00fd pro n\u00e1s p\u0159ipravil:<\/em><\/span><\/p>\n<p style=\"text-align: justify;\">&#8222;Za\u010d\u00ednal jsem nejenom jako mlad\u00fd l\u00e9ka\u0159 v jesenick\u00fdch l\u00e1zn\u00edch (o tom si m\u016f\u017eete p\u0159e\u010d\u00edst v\u00a0minul\u00e9m vypr\u00e1v\u011bn\u00ed <span style=\"text-decoration: underline;\"><a href=\"http:\/\/jesenik.casd.cz\/?p=1937\">http:\/\/jesenik.casd.cz\/?p=1937<\/a><\/span>), ale byl zde je\u0161t\u011b jeden za\u010d\u00e1tek, a to za\u010d\u00e1tek ve zdej\u0161\u00ed mal\u00e9 skupin\u011b \u010dlen\u016f C\u00edrkve adventist\u016f s.d.<\/p>\n<p style=\"text-align: justify;\">Nastala prvn\u00ed sobota, kterou jsme cht\u011bli pro\u017e\u00edt ve spole\u010denstv\u00ed n\u00e1m dosud nezn\u00e1m\u00fdch souv\u011brc\u016f. R\u00e1no jsme se s man\u017eelkou vydali na cestu vlakem do Hradce u Jesen\u00edku. Ve m\u011bst\u011b sbor nebyl a ani neb\u00fdval. P\u0159ed II. sv\u011btovou v\u00e1lkou a a\u017e do jej\u00edho konce bylo m\u00edsto ke shroma\u017e\u010fov\u00e1n\u00ed tenkr\u00e1t v\u00fdlu\u010dn\u011b n\u011bmeck\u00fdch bratr\u016f a sester v Doln\u00ed Lipov\u00e9 a ti v\u0161ichni byli po v\u00e1lce odsunuti do N\u011bmecka. Pov\u00e1le\u010dnou skupinu adventist\u016f tvo\u0159ilo n\u011bkolik m\u00e1lo p\u0159ist\u011bhovalc\u016f z vnitrozem\u00ed, kte\u0159\u00ed se sch\u00e1zeli mal\u00e9m pokoji domku sestry Adamsk\u00e9. Tam bylo harmonium a n\u011bkolik \u017eidl\u00ed.<\/p>\n<p style=\"text-align: justify;\">Zjistil jsem, kde tento domek je. Klidn\u011b jsme \u0161li a samoz\u0159ejm\u011b se t\u011b\u0161ili na nezn\u00e1m\u00e9 av\u0161ak p\u0159esto bl\u00edzk\u00e9 tv\u00e1\u0159e. Nev\u00edm, zda jsme byli n\u011bk\u00fdm sledov\u00e1n\u00ed. Mo\u017en\u00e1! Bl\u00ed\u017eili jsme se k na\u0161emu c\u00edli a tu na n\u00e1s zam\u00e1vala n\u011bjak\u00e1 \u017eena. Kdy\u017e jsme p\u0159i\u0161li bl\u00ed\u017e, poznali jsme, \u017ee jde o na\u0161\u00ed c\u00edrkevn\u00ed sestru, kter\u00e1 n\u00e1s p\u0159ekvapila neveselou zpr\u00e1vou, \u017ee od 1. \u0159\u00edjna 1952 m\u00e1 c\u00edrkev zastavenou \u010dinnost a ta m\u00edstnost, kter\u00e1 slou\u017eila jako skromn\u00e1 modlitebna, je zape\u010det\u011bna a harmonium odvezeno. Nu, co te\u010f? Kdy\u017e u\u017e jsme zde, tak str\u00e1v\u00edme sobotu u sestry, v\u0161ak P\u00e1n B\u016fh je ochoten p\u0159ij\u00edt mezi n\u00e1s i do toho soukrom\u00ed. Za\u010dali jsme pobo\u017enost tak, jak jsme tomu byli zvykl\u00ed: modlitbou. V \u201esobotn\u00ed \u0161kole&#8220; jsme, jako obvykle, prob\u00edrali \u010d\u00e1st P\u00edsma, formou \u00fakolu, formou ot\u00e1zek, hledali na n\u011b odpov\u011bdi v\u00a0biblick\u00fdch ver\u0161\u00edch a d\u011blili se i o osobn\u00ed pozn\u00e1mky, jak obsah textu ch\u00e1peme a pro\u017e\u00edv\u00e1me.<\/p>\n<p style=\"text-align: justify;\">Kdy\u017e jsme byli v \u201enejlep\u0161\u00edm\u201c, n\u011bkdo zaklepal na dve\u0159e. \u017de by je\u0161t\u011b n\u011bjak\u00fd opozdilec? Dovnit\u0159 vstoupil nezn\u00e1m\u00fd p\u00e1n. Pozdravil, p\u0159edstavil se dokonce i legitimoval, \u017ee je p\u0159\u00edslu\u0161n\u00edkem St\u00e1tn\u00ed tajn\u00e9 bezpe\u010dnosti (STB). Nu kdy\u017e se p\u0159edstavil on, pova\u017eoval jsem za slu\u0161n\u00e9, abych se mu p\u0159edstavil i j\u00e1.\u00a0 A ji\u017e p\u0159i\u0161la prvn\u00ed ot\u00e1zka: &#8222;Co zde d\u011bl\u00e1me a pro\u010d jsme se shrom\u00e1\u017edili, kdy\u017e m\u00e1 c\u00edrkev zastavenou \u010dinnost.&#8220; Bylo to zvl\u00e1\u0161tn\u00ed, \u017ee jsem nepoci\u0165oval \u017e\u00e1dnou b\u00e1ze\u0148 a ihned jsem mu zevrubn\u011b vysv\u011btloval \u00fa\u010del na\u0161eho setk\u00e1n\u00ed a podstatu c\u00edrkve, kter\u00e9 jsme \u010dleny. Se z\u00e1jmem naslouchal, ale pak se n\u00e1hle vzpamatoval, chytil se za hlavu a prohl\u00e1sil, \u017ee u\u017e mus\u00ed odej\u00edt, nebo\u0165 z n\u011bj nakonec je\u0161t\u011b ud\u011bl\u00e1me adventistu!<\/p>\n<p style=\"text-align: justify;\">Snad si \u010dten\u00e1\u0159 vzpomene na podobn\u00fd v\u00fdrok, kter\u00fd zazn\u011bl p\u0159ed 2000 l\u00e9ty z \u00fast kr\u00e1le Agrippy, kter\u00fd vysl\u00fdchal spole\u010dn\u011b s prokur\u00e1torem a svou man\u017eelkou Berenik\u00e9 apo\u0161tola Pavla: \u201eT\u00e9m\u011b\u0159 jsi mne p\u0159esv\u011bd\u010dil, abych se stal k\u0159es\u0165anem!\u201c Sk 26,29.<\/p>\n<p style=\"text-align: justify;\">Ve dve\u0159\u00edch n\u00e1s je\u0161t\u011b vyzval: \u201eP\u0159\u00ed\u0161t\u011b, a\u0165 u\u017e v\u00e1s zde nevid\u00edm!\u201c<\/p>\n<p style=\"text-align: justify;\">Nu, vyhov\u011bli jsme mu a ji\u017e jsme se tam nesetk\u00e1vali. Byla jin\u00e1 m\u00edsta, kter\u00e1 jsme v sobotu \u201eve\u0159ejn\u011b \u2013 tajn\u011b\u201c nav\u0161t\u011bvovali. Vzpom\u00edn\u00e1m, jak jsme \u201ehus\u00edm pochodem\u201c \u0161li z n\u00e1dra\u017e\u00ed v Brann\u00e9 \u00fazk\u00fdm chodn\u00ed\u010dkem \u00fadol\u00edm do vrchu k bratru \u0160tefanovi. Nebo jak jsme podobn\u011b pochodovali z n\u00e1dra\u017e\u00ed v \u017dulov\u00e9 do chaloupky, kter\u00e1 se kr\u010dila u zdi a kde jsme u sestry Machalov\u00e9 pro nedostatek \u017eidl\u00ed (u\u017e n\u00e1s mezi t\u00edm p\u0159ibylo) roz\u0161\u00ed\u0159ili sedadla tak, \u017ee na \u017eidle v odstupu byly polo\u017eeny hrub\u00e9 desky a d\u011bti si posedaly na podlaze.<\/p>\n<p style=\"text-align: justify;\">P\u00e1n B\u016fh n\u00e1s chr\u00e1nil. Pro\u017e\u00edvali jsme po\u017eehnan\u00ed chv\u00edle.&#8220;<\/p>\n<p style=\"text-align: justify;\"><img loading=\"lazy\" decoding=\"async\" class=\"alignnone size-medium wp-image-1952\" src=\"http:\/\/jesenik.casd.cz\/wp-content\/uploads\/2016\/08\/Kub\u00edkovi-300x225.jpg\" alt=\"Kub\u00edkovi\" width=\"300\" height=\"225\" srcset=\"https:\/\/jesenik.casd.cz\/wp-content\/uploads\/2016\/08\/Kub\u00edkovi-300x225.jpg 300w, https:\/\/jesenik.casd.cz\/wp-content\/uploads\/2016\/08\/Kub\u00edkovi-1024x768.jpg 1024w, https:\/\/jesenik.casd.cz\/wp-content\/uploads\/2016\/08\/Kub\u00edkovi.jpg 2000w\" sizes=\"auto, (max-width: 300px) 100vw, 300px\" \/><\/p>\n","protected":false},"excerpt":{"rendered":"<p>Zazvo\u0148me spole\u010dn\u011b na zvonek s n\u00e1pisem Kub\u00edkovi. P\u0159ijde n\u00e1m otev\u0159\u00edt mil\u00e1 usm\u011bvav\u00e1 pan\u00ed. Ani\u010dka Kub\u00edkov\u00e1. Provede n\u00e1s p\u0159eds\u00edn\u00ed s obrazy a obr\u00e1zky po st\u011bn\u00e1ch a\u017e do pokoje pln\u00e9ho kv\u011btin a knih. Tam se m\u016f\u017eeme setkat i s jej\u00edm man\u017eelem a &hellip; <a href=\"https:\/\/jesenik.casd.cz\/?p=1948\">Cel\u00fd p\u0159\u00edsp\u011bvek <span class=\"meta-nav\">&rarr;<\/span><\/a><\/p>\n","protected":false},"author":1,"featured_media":1953,"comment_status":"open","ping_status":"open","sticky":true,"template":"","format":"standard","meta":{"ngg_post_thumbnail":0,"footnotes":""},"categories":[1],"tags":[],"class_list":["post-1948","post","type-post","status-publish","format-standard","has-post-thumbnail","hentry","category-nezarazene"],"_links":{"self":[{"href":"https:\/\/jesenik.casd.cz\/index.php?rest_route=\/wp\/v2\/posts\/1948","targetHints":{"allow":["GET"]}}],"collection":[{"href":"https:\/\/jesenik.casd.cz\/index.php?rest_route=\/wp\/v2\/posts"}],"about":[{"href":"https:\/\/jesenik.casd.cz\/index.php?rest_route=\/wp\/v2\/types\/post"}],"author":[{"embeddable":true,"href":"https:\/\/jesenik.casd.cz\/index.php?rest_route=\/wp\/v2\/users\/1"}],"replies":[{"embeddable":true,"href":"https:\/\/jesenik.casd.cz\/index.php?rest_route=%2Fwp%2Fv2%2Fcomments&post=1948"}],"version-history":[{"count":8,"href":"https:\/\/jesenik.casd.cz\/index.php?rest_route=\/wp\/v2\/posts\/1948\/revisions"}],"predecessor-version":[{"id":2100,"href":"https:\/\/jesenik.casd.cz\/index.php?rest_route=\/wp\/v2\/posts\/1948\/revisions\/2100"}],"wp:featuredmedia":[{"embeddable":true,"href":"https:\/\/jesenik.casd.cz\/index.php?rest_route=\/wp\/v2\/media\/1953"}],"wp:attachment":[{"href":"https:\/\/jesenik.casd.cz\/index.php?rest_route=%2Fwp%2Fv2%2Fmedia&parent=1948"}],"wp:term":[{"taxonomy":"category","embeddable":true,"href":"https:\/\/jesenik.casd.cz\/index.php?rest_route=%2Fwp%2Fv2%2Fcategories&post=1948"},{"taxonomy":"post_tag","embeddable":true,"href":"https:\/\/jesenik.casd.cz\/index.php?rest_route=%2Fwp%2Fv2%2Ftags&post=1948"}],"curies":[{"name":"wp","href":"https:\/\/api.w.org\/{rel}","templated":true}]}}