{"id":1964,"date":"2016-09-01T15:59:15","date_gmt":"2016-09-01T13:59:15","guid":{"rendered":"http:\/\/jesenik.casd.cz\/?p=1964"},"modified":"2016-09-01T15:59:56","modified_gmt":"2016-09-01T13:59:56","slug":"o-nadeji","status":"publish","type":"post","link":"https:\/\/jesenik.casd.cz\/?p=1964","title":{"rendered":"O nad\u011bji"},"content":{"rendered":"<p style=\"text-align: justify;\">Kdy\u017e do na\u0161eho \u017eivota \u00a0znenad\u00e1n\u00ed vstoup\u00ed n\u011bjak\u00e1 bolestn\u00e1 ud\u00e1lost, podv\u011bdom\u011b v\u00edme, \u017ee by se to mohlo st\u00e1t, p\u0159esto b\u00fdv\u00e1me zasko\u010deni.<\/p>\n<p style=\"text-align: justify;\">Co bude d\u00e1l? V\u0161e najednou zahal\u00ed \u0161ediv\u00fd mrak a jen ta jisk\u0159i\u010dka nad\u011bje slab\u011b blik\u00e1. Je takov\u00e1 malink\u00e1. Ale je to jako<br \/>\ns hv\u011bzdami: Tak\u00e9 n\u00e1m p\u0159ipadaj\u00ed jako mal\u00e9 te\u010dky na obloze, ale ve skute\u010dnosti jsou to ob\u0159i neskute\u010dn\u00fdch rozm\u011br\u016f.<\/p>\n<p style=\"text-align: justify;\">I my m\u00e1me takovou nad\u011bji. Je to nad\u011bje, kterou n\u00e1m, krom\u011b n\u00e1s sam\u00fdch, nem\u016f\u017ee nikdo vz\u00edt. \u00a0Je to to, co n\u00e1m zasl\u00edbil s\u00e1m P\u00e1n Je\u017e\u00ed\u0161 v Janov\u011b evangeliu, kde o sob\u011b \u0159\u00edk\u00e1, \u017ee je vzk\u0159\u00ed\u0161en\u00ed a \u017eivot a \u017ee kdo v N\u011bho v\u011b\u0159\u00ed, i kdyby zem\u0159el, bude \u017e\u00edt a bude \u017e\u00edt nav\u011bky. Tam u N\u011bho u\u017e \u017e\u00e1dn\u00e9 bolesti a lou\u010den\u00ed nebudou.<\/p>\n<p style=\"text-align: justify;\">Mo\u017en\u00e1 byste se cht\u011bli s n\u00e1mi vydat na cestu, kter\u00e1 je cestou hled\u00e1n\u00ed cestou hled\u00e1n\u00ed a nal\u00e9z\u00e1n\u00ed nad\u011bje pro \u017eivot.<\/p>\n<p style=\"text-align: justify;\">M\u016f\u017eete n\u00e1m o va\u0161em hled\u00e1n\u00ed a nal\u00e9z\u00e1n\u00ed nad\u011bje napsat. A nejen to, \u00a0m\u016f\u017eeme se i vz\u00e1jemn\u011b podporovat v dosahov\u00e1n\u00ed tohoto l\u00e1kav\u00e9ho c\u00edle. Ve srovn\u00e1n\u00ed s n\u00edm jsou olympijsk\u00e9 medaile cel\u00e9ho sv\u011bta jsou jen matn\u00fdmi pl\u00ed\u0161ky.<\/p>\n<p style=\"text-align: justify;\">P\u0159eji V\u00e1m \u017eivot bez mr\u00e1\u010dk\u016f, kter\u00e9 by zahalovaly Va\u0161i radost.<\/p>\n<p style=\"text-align: justify;\">\n<p style=\"text-align: justify;\">\n<p style=\"text-align: justify;\">Radek Kamler<\/p>\n<p><strong><img loading=\"lazy\" decoding=\"async\" class=\"alignnone  wp-image-1965\" src=\"http:\/\/jesenik.casd.cz\/wp-content\/uploads\/2016\/08\/DSCF5731-001-300x225.jpg\" alt=\"DSCF5731-001\" width=\"720\" height=\"540\" srcset=\"https:\/\/jesenik.casd.cz\/wp-content\/uploads\/2016\/08\/DSCF5731-001-300x225.jpg 300w, https:\/\/jesenik.casd.cz\/wp-content\/uploads\/2016\/08\/DSCF5731-001-1024x768.jpg 1024w, https:\/\/jesenik.casd.cz\/wp-content\/uploads\/2016\/08\/DSCF5731-001.jpg 1598w\" sizes=\"auto, (max-width: 720px) 100vw, 720px\" \/>\u00a0 \u00a0 \u00a0 \u00a0 \u00a0 \u00a0 \u00a0 \u00a0 \u00a0 \u00a0 \u00a0 \u00a0 \u00a0 \u00a0 \u00a0 \u00a0 \u00a0 \u00a0 \u00a0 \u00a0 \u00a0 \u00a0 \u00a0 \u00a0 \u00a0 \u00a0 \u00a0 \u00a0 \u00a0 \u00a0 \u00a0 \u00a0 \u00a0 \u00a0 \u00a0\u00a0<\/strong><\/p>\n","protected":false},"excerpt":{"rendered":"<p>Kdy\u017e do na\u0161eho \u017eivota \u00a0znenad\u00e1n\u00ed vstoup\u00ed n\u011bjak\u00e1 bolestn\u00e1 ud\u00e1lost, podv\u011bdom\u011b v\u00edme, \u017ee by se to mohlo st\u00e1t, p\u0159esto b\u00fdv\u00e1me zasko\u010deni. Co bude d\u00e1l? V\u0161e najednou zahal\u00ed \u0161ediv\u00fd mrak a jen ta jisk\u0159i\u010dka nad\u011bje slab\u011b blik\u00e1. Je takov\u00e1 malink\u00e1. Ale je &hellip; <a href=\"https:\/\/jesenik.casd.cz\/?p=1964\">Cel\u00fd p\u0159\u00edsp\u011bvek <span class=\"meta-nav\">&rarr;<\/span><\/a><\/p>\n","protected":false},"author":1,"featured_media":1965,"comment_status":"open","ping_status":"open","sticky":true,"template":"","format":"standard","meta":{"ngg_post_thumbnail":0,"footnotes":""},"categories":[1],"tags":[],"class_list":["post-1964","post","type-post","status-publish","format-standard","has-post-thumbnail","hentry","category-nezarazene"],"_links":{"self":[{"href":"https:\/\/jesenik.casd.cz\/index.php?rest_route=\/wp\/v2\/posts\/1964","targetHints":{"allow":["GET"]}}],"collection":[{"href":"https:\/\/jesenik.casd.cz\/index.php?rest_route=\/wp\/v2\/posts"}],"about":[{"href":"https:\/\/jesenik.casd.cz\/index.php?rest_route=\/wp\/v2\/types\/post"}],"author":[{"embeddable":true,"href":"https:\/\/jesenik.casd.cz\/index.php?rest_route=\/wp\/v2\/users\/1"}],"replies":[{"embeddable":true,"href":"https:\/\/jesenik.casd.cz\/index.php?rest_route=%2Fwp%2Fv2%2Fcomments&post=1964"}],"version-history":[{"count":1,"href":"https:\/\/jesenik.casd.cz\/index.php?rest_route=\/wp\/v2\/posts\/1964\/revisions"}],"predecessor-version":[{"id":1972,"href":"https:\/\/jesenik.casd.cz\/index.php?rest_route=\/wp\/v2\/posts\/1964\/revisions\/1972"}],"wp:featuredmedia":[{"embeddable":true,"href":"https:\/\/jesenik.casd.cz\/index.php?rest_route=\/wp\/v2\/media\/1965"}],"wp:attachment":[{"href":"https:\/\/jesenik.casd.cz\/index.php?rest_route=%2Fwp%2Fv2%2Fmedia&parent=1964"}],"wp:term":[{"taxonomy":"category","embeddable":true,"href":"https:\/\/jesenik.casd.cz\/index.php?rest_route=%2Fwp%2Fv2%2Fcategories&post=1964"},{"taxonomy":"post_tag","embeddable":true,"href":"https:\/\/jesenik.casd.cz\/index.php?rest_route=%2Fwp%2Fv2%2Ftags&post=1964"}],"curies":[{"name":"wp","href":"https:\/\/api.w.org\/{rel}","templated":true}]}}