{"id":2156,"date":"2017-09-25T23:03:05","date_gmt":"2017-09-25T21:03:05","guid":{"rendered":"http:\/\/jesenik.casd.cz\/?p=2156"},"modified":"2017-10-22T13:14:40","modified_gmt":"2017-10-22T11:14:40","slug":"bohosluzba-nejenom-pro-neslysici","status":"publish","type":"post","link":"https:\/\/jesenik.casd.cz\/?p=2156","title":{"rendered":"Bohoslu\u017eba (nejenom) pro nesly\u0161\u00edc\u00ed"},"content":{"rendered":"<p>V sobotu 30. z\u00e1\u0159\u00ed 2017 prob\u011bhla v na\u0161em sboru dal\u0161\u00ed bohoslu\u017eba, kter\u00e1 byla p\u0159\u00edstupn\u00e1 jak sly\u0161\u00edc\u00edm, tak i nesly\u0161\u00edc\u00edm, proto\u017ee byla cel\u00e1 tlumo\u010den\u00e1 do znakov\u00e9ho jazyka. Opravdu cel\u00e1 &#8211; i p\u00edsn\u011b a modlitby. O tlumo\u010den\u00ed se pod\u011blili dva z na\u0161ich host\u016f &#8211; Noemi \u010capkov\u00e1 a Jitka Mor\u00e1vkov\u00e1.<\/p>\n<p>V hlavn\u00ed \u010d\u00e1sti k\u00e1zal n\u00e1\u0161 nov\u00fd kazatel bratr Daniel Huvar o tom, jak neb\u00fdt otrokem. Mnoh\u00e9 z n\u00e1s oslovil i Jit\u010din p\u0159\u00edb\u011bh pro d\u011bti o kr\u00e1li a jeho synech, n\u00e1sledn\u00edc\u00edch tr\u016fnu. Z p\u0159\u00edb\u011bhu se d\u011bti nau\u010dili, \u017ee \u0159\u00edkat pravdu je pro budoucnost ka\u017ed\u00e9ho z n\u00eds ta nejlep\u0161\u00ed cesta.<\/p>\n<p>A odpoledne jsme si pou\u0161t\u011bli motiva\u010dn\u00ed videa a Jitka vypr\u00e1v\u011bla sv\u00e9 zku\u0161enosti z toho, jak nejenom skrz \u00fasta, ale i p\u0159es ruce mohou plynout slova nad\u011bje.<\/p>\n<p>Byl to pr\u00edma den napln\u011bn\u00fd radost\u00ed ze spole\u010dn\u00fdch setk\u00e1n\u00ed s Bohem i lidmi.<\/p>\n<p>&nbsp;<\/p>\n<p>&nbsp;<\/p>\n<p><img loading=\"lazy\" decoding=\"async\" class=\"alignnone size-medium wp-image-2157\" src=\"http:\/\/jesenik.casd.cz\/wp-content\/uploads\/2017\/09\/DSC00057-300x200.jpg\" alt=\"DSC00057\" width=\"300\" height=\"200\" srcset=\"https:\/\/jesenik.casd.cz\/wp-content\/uploads\/2017\/09\/DSC00057-300x200.jpg 300w, https:\/\/jesenik.casd.cz\/wp-content\/uploads\/2017\/09\/DSC00057-1024x683.jpg 1024w\" sizes=\"auto, (max-width: 300px) 100vw, 300px\" \/><\/p>\n<p>(Ilustra\u010dn\u00ed foto bylo po\u0159\u00edzen\u00e9 p\u0159i jedn\u00e9 z minul\u00fdch bohoslu\u017eeb p\u0159ekl\u00e1dan\u00fdch do znakov\u00e9ho jazyka.)<\/p>\n<p>&nbsp;<\/p>\n<p>&nbsp;<\/p>\n","protected":false},"excerpt":{"rendered":"<p>V sobotu 30. z\u00e1\u0159\u00ed 2017 prob\u011bhla v na\u0161em sboru dal\u0161\u00ed bohoslu\u017eba, kter\u00e1 byla p\u0159\u00edstupn\u00e1 jak sly\u0161\u00edc\u00edm, tak i nesly\u0161\u00edc\u00edm, proto\u017ee byla cel\u00e1 tlumo\u010den\u00e1 do znakov\u00e9ho jazyka. Opravdu cel\u00e1 &#8211; i p\u00edsn\u011b a modlitby. O tlumo\u010den\u00ed se pod\u011blili dva z na\u0161ich &hellip; <a href=\"https:\/\/jesenik.casd.cz\/?p=2156\">Cel\u00fd p\u0159\u00edsp\u011bvek <span class=\"meta-nav\">&rarr;<\/span><\/a><\/p>\n","protected":false},"author":1,"featured_media":2157,"comment_status":"open","ping_status":"open","sticky":true,"template":"","format":"standard","meta":{"ngg_post_thumbnail":0,"footnotes":""},"categories":[11,1],"tags":[],"class_list":["post-2156","post","type-post","status-publish","format-standard","has-post-thumbnail","hentry","category-bohosluzby","category-nezarazene"],"_links":{"self":[{"href":"https:\/\/jesenik.casd.cz\/index.php?rest_route=\/wp\/v2\/posts\/2156","targetHints":{"allow":["GET"]}}],"collection":[{"href":"https:\/\/jesenik.casd.cz\/index.php?rest_route=\/wp\/v2\/posts"}],"about":[{"href":"https:\/\/jesenik.casd.cz\/index.php?rest_route=\/wp\/v2\/types\/post"}],"author":[{"embeddable":true,"href":"https:\/\/jesenik.casd.cz\/index.php?rest_route=\/wp\/v2\/users\/1"}],"replies":[{"embeddable":true,"href":"https:\/\/jesenik.casd.cz\/index.php?rest_route=%2Fwp%2Fv2%2Fcomments&post=2156"}],"version-history":[{"count":4,"href":"https:\/\/jesenik.casd.cz\/index.php?rest_route=\/wp\/v2\/posts\/2156\/revisions"}],"predecessor-version":[{"id":2163,"href":"https:\/\/jesenik.casd.cz\/index.php?rest_route=\/wp\/v2\/posts\/2156\/revisions\/2163"}],"wp:featuredmedia":[{"embeddable":true,"href":"https:\/\/jesenik.casd.cz\/index.php?rest_route=\/wp\/v2\/media\/2157"}],"wp:attachment":[{"href":"https:\/\/jesenik.casd.cz\/index.php?rest_route=%2Fwp%2Fv2%2Fmedia&parent=2156"}],"wp:term":[{"taxonomy":"category","embeddable":true,"href":"https:\/\/jesenik.casd.cz\/index.php?rest_route=%2Fwp%2Fv2%2Fcategories&post=2156"},{"taxonomy":"post_tag","embeddable":true,"href":"https:\/\/jesenik.casd.cz\/index.php?rest_route=%2Fwp%2Fv2%2Ftags&post=2156"}],"curies":[{"name":"wp","href":"https:\/\/api.w.org\/{rel}","templated":true}]}}