{"id":229,"date":"2013-11-27T15:43:34","date_gmt":"2013-11-27T14:43:34","guid":{"rendered":"http:\/\/jesenik.casd.cz\/?p=229"},"modified":"2015-05-04T21:15:48","modified_gmt":"2015-05-04T19:15:48","slug":"pojdme-az-do-betlema","status":"publish","type":"post","link":"https:\/\/jesenik.casd.cz\/?p=229","title":{"rendered":"Poj\u010fme a\u017e do Betl\u00e9ma"},"content":{"rendered":"<p>V sobotu 7. prosince 2013 odpoledne od 14 hodin nav\u0161t\u00edv\u00edme d\u00edky prezentaci Zde\u0148ka P\u0159ececht\u011bla spole\u010dn\u011b m\u00edsta, kde se narodil a \u017eil P\u00e1n Je\u017e\u00ed\u0161 Kristus. Program fotografi\u00ed a dojm\u016f z jeho cesty do Izraele se uskute\u010dn\u00ed ve sboru CASD v Jesen\u00edku na N\u00e1m\u011bst\u00ed Svobody 878. Srde\u010dn\u011b v\u00e1s zveme!<\/p>\n<p><a href=\"http:\/\/jesenik.casd.cz\/?attachment_id=231\" rel=\"attachment wp-att-231\"><img loading=\"lazy\" decoding=\"async\" title=\"Izrael\" src=\"http:\/\/jesenik.casd.cz\/wp-content\/uploads\/2013\/11\/Izrael1-723x1024.jpg\" alt=\"\" width=\"723\" height=\"1024\" \/><\/a><\/p>\n<p>&nbsp;<\/p>\n<p>&nbsp;<\/p>\n<p>&nbsp;<\/p>\n<p>&nbsp;<\/p>\n<p>&nbsp;<\/p>\n<p>&nbsp;<\/p>\n","protected":false},"excerpt":{"rendered":"<p>V sobotu 7. prosince 2013 odpoledne od 14 hodin nav\u0161t\u00edv\u00edme d\u00edky prezentaci Zde\u0148ka P\u0159ececht\u011bla spole\u010dn\u011b m\u00edsta, kde se narodil a \u017eil P\u00e1n Je\u017e\u00ed\u0161 Kristus. Program fotografi\u00ed a dojm\u016f z jeho cesty do Izraele se uskute\u010dn\u00ed ve sboru CASD v Jesen\u00edku &hellip; <a href=\"https:\/\/jesenik.casd.cz\/?p=229\">Cel\u00fd p\u0159\u00edsp\u011bvek <span class=\"meta-nav\">&rarr;<\/span><\/a><\/p>\n","protected":false},"author":1,"featured_media":0,"comment_status":"open","ping_status":"open","sticky":false,"template":"","format":"standard","meta":{"ngg_post_thumbnail":0,"footnotes":""},"categories":[1],"tags":[],"class_list":["post-229","post","type-post","status-publish","format-standard","hentry","category-nezarazene"],"_links":{"self":[{"href":"https:\/\/jesenik.casd.cz\/index.php?rest_route=\/wp\/v2\/posts\/229","targetHints":{"allow":["GET"]}}],"collection":[{"href":"https:\/\/jesenik.casd.cz\/index.php?rest_route=\/wp\/v2\/posts"}],"about":[{"href":"https:\/\/jesenik.casd.cz\/index.php?rest_route=\/wp\/v2\/types\/post"}],"author":[{"embeddable":true,"href":"https:\/\/jesenik.casd.cz\/index.php?rest_route=\/wp\/v2\/users\/1"}],"replies":[{"embeddable":true,"href":"https:\/\/jesenik.casd.cz\/index.php?rest_route=%2Fwp%2Fv2%2Fcomments&post=229"}],"version-history":[{"count":8,"href":"https:\/\/jesenik.casd.cz\/index.php?rest_route=\/wp\/v2\/posts\/229\/revisions"}],"predecessor-version":[{"id":242,"href":"https:\/\/jesenik.casd.cz\/index.php?rest_route=\/wp\/v2\/posts\/229\/revisions\/242"}],"wp:attachment":[{"href":"https:\/\/jesenik.casd.cz\/index.php?rest_route=%2Fwp%2Fv2%2Fmedia&parent=229"}],"wp:term":[{"taxonomy":"category","embeddable":true,"href":"https:\/\/jesenik.casd.cz\/index.php?rest_route=%2Fwp%2Fv2%2Fcategories&post=229"},{"taxonomy":"post_tag","embeddable":true,"href":"https:\/\/jesenik.casd.cz\/index.php?rest_route=%2Fwp%2Fv2%2Ftags&post=229"}],"curies":[{"name":"wp","href":"https:\/\/api.w.org\/{rel}","templated":true}]}}