{"id":248,"date":"2013-12-20T12:48:02","date_gmt":"2013-12-20T11:48:02","guid":{"rendered":"http:\/\/jesenik.casd.cz\/?p=248"},"modified":"2015-05-04T21:15:07","modified_gmt":"2015-05-04T19:15:07","slug":"ja-jsem-svetlo-sveta","status":"publish","type":"post","link":"https:\/\/jesenik.casd.cz\/?p=248","title":{"rendered":"&#8222;J\u00e1 jsem sv\u011btlo sv\u011bta&#8230;&#8220;"},"content":{"rendered":"<p><strong>Pozv\u00e1n\u00ed na slavnostn\u00ed bohoslu\u017ebu 28. prosince 2013<\/strong><\/p>\n<p><em>Bez sv\u011btla si \u010dlov\u011bk nedovede sv\u016fj \u017eivot na na\u0161\u00ed planet\u011b p\u0159edstavit.\u00a0 Sv\u011btlo bylo to prvn\u00ed, co Hospodin vytvo\u0159il, kdy\u017e tvo\u0159il na zemi \u017eivot. On s\u00e1m a jeho p\u0159\u00edtomnost m\u016f\u017ee b\u00fdt pro n\u00e1s sv\u011btlem i v\u00a0t\u00e9 nejhlub\u0161\u00ed tm\u011b. Chceme, aby n\u00e1s toto sv\u011btlo Bo\u017e\u00ed l\u00e1sky obklopovalo nebo jsme si zamilovali v\u00edce tmu, proto\u017ee si mysl\u00edme, \u017ee tma m\u016f\u017ee skr\u00fdt na\u0161e chyby, omyly i \u0161patn\u00e9 \u010diny?<\/em><\/p>\n<p><em>V\u00a0Janov\u011b evangeliu \u010dteme, \u017ee Je\u017e\u00ed\u0161 p\u0159i\u0161el na na\u0161i zem, aby n\u00e1s vr\u00e1til zp\u011bt na tu spr\u00e1vnou cestu, aby n\u00e1m pomohl \u017e\u00edt ve sv\u011btle a radovat se z\u00a0toho. Poj\u010fme spole\u010dn\u011b s\u00a0 kazatelem bratrem Petrem Podsedn\u00edkem B.Th. uva\u017eovat o Kristu a jeho slovech: &#8222;J\u00e1 jsem sv\u011btlo sv\u011bta; kdo m\u011b n\u00e1sleduje, nebude chodit ve tm\u011b, ale bude m\u00edt sv\u011btlo \u017eivota.&#8220; (Jan 8,12) Poj\u010fme Boha chv\u00e1lit a oslavovat.<\/em><\/p>\n<p><em> Na\u0161e bohoslu\u017eba za\u010dne <strong>o p\u016fl jeden\u00e1ct\u00e9 v\u00a0modlitebn\u011b C\u00edrkve adventist\u016f v\u00a0Jesen\u00edku na N\u00e1m\u011bst\u00ed Svobody 878<\/strong>. <\/em><\/p>\n<p><em>Srde\u010dn\u011b v\u00e1s zveme.<\/em><\/p>\n<p>&nbsp;<\/p>\n<p>&nbsp;<\/p>\n","protected":false},"excerpt":{"rendered":"<p>Pozv\u00e1n\u00ed na slavnostn\u00ed bohoslu\u017ebu 28. prosince 2013 Bez sv\u011btla si \u010dlov\u011bk nedovede sv\u016fj \u017eivot na na\u0161\u00ed planet\u011b p\u0159edstavit.\u00a0 Sv\u011btlo bylo to prvn\u00ed, co Hospodin vytvo\u0159il, kdy\u017e tvo\u0159il na zemi \u017eivot. On s\u00e1m a jeho p\u0159\u00edtomnost m\u016f\u017ee b\u00fdt pro n\u00e1s sv\u011btlem &hellip; <a href=\"https:\/\/jesenik.casd.cz\/?p=248\">Cel\u00fd p\u0159\u00edsp\u011bvek <span class=\"meta-nav\">&rarr;<\/span><\/a><\/p>\n","protected":false},"author":1,"featured_media":253,"comment_status":"open","ping_status":"open","sticky":false,"template":"","format":"standard","meta":{"ngg_post_thumbnail":0,"footnotes":""},"categories":[1],"tags":[],"class_list":["post-248","post","type-post","status-publish","format-standard","has-post-thumbnail","hentry","category-nezarazene"],"_links":{"self":[{"href":"https:\/\/jesenik.casd.cz\/index.php?rest_route=\/wp\/v2\/posts\/248","targetHints":{"allow":["GET"]}}],"collection":[{"href":"https:\/\/jesenik.casd.cz\/index.php?rest_route=\/wp\/v2\/posts"}],"about":[{"href":"https:\/\/jesenik.casd.cz\/index.php?rest_route=\/wp\/v2\/types\/post"}],"author":[{"embeddable":true,"href":"https:\/\/jesenik.casd.cz\/index.php?rest_route=\/wp\/v2\/users\/1"}],"replies":[{"embeddable":true,"href":"https:\/\/jesenik.casd.cz\/index.php?rest_route=%2Fwp%2Fv2%2Fcomments&post=248"}],"version-history":[{"count":6,"href":"https:\/\/jesenik.casd.cz\/index.php?rest_route=\/wp\/v2\/posts\/248\/revisions"}],"predecessor-version":[{"id":1121,"href":"https:\/\/jesenik.casd.cz\/index.php?rest_route=\/wp\/v2\/posts\/248\/revisions\/1121"}],"wp:featuredmedia":[{"embeddable":true,"href":"https:\/\/jesenik.casd.cz\/index.php?rest_route=\/wp\/v2\/media\/253"}],"wp:attachment":[{"href":"https:\/\/jesenik.casd.cz\/index.php?rest_route=%2Fwp%2Fv2%2Fmedia&parent=248"}],"wp:term":[{"taxonomy":"category","embeddable":true,"href":"https:\/\/jesenik.casd.cz\/index.php?rest_route=%2Fwp%2Fv2%2Fcategories&post=248"},{"taxonomy":"post_tag","embeddable":true,"href":"https:\/\/jesenik.casd.cz\/index.php?rest_route=%2Fwp%2Fv2%2Ftags&post=248"}],"curies":[{"name":"wp","href":"https:\/\/api.w.org\/{rel}","templated":true}]}}