{"id":25,"date":"2013-10-11T11:54:29","date_gmt":"2013-10-11T09:54:29","guid":{"rendered":"http:\/\/jesenik.casd.cz\/?p=25"},"modified":"2014-11-09T22:37:19","modified_gmt":"2014-11-09T21:37:19","slug":"pane-dej-abych-videl","status":"publish","type":"post","link":"https:\/\/jesenik.casd.cz\/?p=25","title":{"rendered":"Pane, dej, abych vid\u011bl"},"content":{"rendered":"<p><em>Srde\u010dn\u011b v\u00e1s zveme na odpoledn\u00ed program p\u00edsn\u00ed a slova host\u016f z opavsk\u00e9ho sboru, bude v sobotu 19. \u0159\u00edjna 2013 od 14 hodin v budov\u011b C\u00edrkve adventist\u016f sedm\u00e9ho dne na N\u00e1m\u011bst\u00ed Svobody 878 v Jesen\u00edku.<\/em><\/p>\n<p>&nbsp;<\/p>\n<p>&nbsp;<\/p>\n<p><a href=\"http:\/\/jesenik.casd.cz\/wp-content\/uploads\/2013_10_19_pozv\u00e1nka4.doc\">2013_10_19_pozv\u00e1nka<\/a><\/p>\n","protected":false},"excerpt":{"rendered":"<p>Srde\u010dn\u011b v\u00e1s zveme na odpoledn\u00ed program p\u00edsn\u00ed a slova host\u016f z opavsk\u00e9ho sboru, bude v sobotu 19. \u0159\u00edjna 2013 od 14 hodin v budov\u011b C\u00edrkve adventist\u016f sedm\u00e9ho dne na N\u00e1m\u011bst\u00ed Svobody 878 v Jesen\u00edku. &nbsp; &nbsp; 2013_10_19_pozv\u00e1nka<\/p>\n","protected":false},"author":1,"featured_media":265,"comment_status":"open","ping_status":"open","sticky":false,"template":"","format":"standard","meta":{"ngg_post_thumbnail":0,"footnotes":""},"categories":[1],"tags":[],"class_list":["post-25","post","type-post","status-publish","format-standard","has-post-thumbnail","hentry","category-nezarazene"],"_links":{"self":[{"href":"https:\/\/jesenik.casd.cz\/index.php?rest_route=\/wp\/v2\/posts\/25","targetHints":{"allow":["GET"]}}],"collection":[{"href":"https:\/\/jesenik.casd.cz\/index.php?rest_route=\/wp\/v2\/posts"}],"about":[{"href":"https:\/\/jesenik.casd.cz\/index.php?rest_route=\/wp\/v2\/types\/post"}],"author":[{"embeddable":true,"href":"https:\/\/jesenik.casd.cz\/index.php?rest_route=\/wp\/v2\/users\/1"}],"replies":[{"embeddable":true,"href":"https:\/\/jesenik.casd.cz\/index.php?rest_route=%2Fwp%2Fv2%2Fcomments&post=25"}],"version-history":[{"count":17,"href":"https:\/\/jesenik.casd.cz\/index.php?rest_route=\/wp\/v2\/posts\/25\/revisions"}],"predecessor-version":[{"id":722,"href":"https:\/\/jesenik.casd.cz\/index.php?rest_route=\/wp\/v2\/posts\/25\/revisions\/722"}],"wp:featuredmedia":[{"embeddable":true,"href":"https:\/\/jesenik.casd.cz\/index.php?rest_route=\/wp\/v2\/media\/265"}],"wp:attachment":[{"href":"https:\/\/jesenik.casd.cz\/index.php?rest_route=%2Fwp%2Fv2%2Fmedia&parent=25"}],"wp:term":[{"taxonomy":"category","embeddable":true,"href":"https:\/\/jesenik.casd.cz\/index.php?rest_route=%2Fwp%2Fv2%2Fcategories&post=25"},{"taxonomy":"post_tag","embeddable":true,"href":"https:\/\/jesenik.casd.cz\/index.php?rest_route=%2Fwp%2Fv2%2Ftags&post=25"}],"curies":[{"name":"wp","href":"https:\/\/api.w.org\/{rel}","templated":true}]}}