{"id":259,"date":"2014-01-02T12:58:37","date_gmt":"2014-01-02T11:58:37","guid":{"rendered":"http:\/\/jesenik.casd.cz\/?p=259"},"modified":"2015-05-04T21:13:15","modified_gmt":"2015-05-04T19:13:15","slug":"pozvani-na-slavnostni-bohosluzbu-4-ledna-2014","status":"publish","type":"post","link":"https:\/\/jesenik.casd.cz\/?p=259","title":{"rendered":"Pozv\u00e1n\u00ed na slavnostn\u00ed bohoslu\u017ebu 4. ledna 2014"},"content":{"rendered":"<p style=\"text-align: left;\" align=\"center\"><strong>\u201e<\/strong><em><strong>Kdo chce j\u00edt za mnou&#8230;\u201c \u00a0 \u00a0<\/strong> \u00a0 \u00a0Matou\u0161ovo evangelium 16,24-27<\/em><\/p>\n<p style=\"text-align: left;\" align=\"center\">\u00a0<em>Mottem prvn\u00ed bohoslu\u017eby v\u00a0roce 2014 je t\u00e9ma n\u00e1sledov\u00e1n\u00ed. \u00a0Kazatel bratr Jan Majer, B.Th. bude prvn\u00ed lednovou sobotu hovo\u0159it v\u00a0k\u00e1z\u00e1n\u00ed o poko\u0159e, opravdovosti, c\u00edli na\u0161eho \u017eivota a o nad\u011bji na setk\u00e1n\u00ed s\u00a0Kristem.<\/em><\/p>\n<p style=\"text-align: left;\"><em>\u00a0K\u00e1z\u00e1n\u00ed\u00a0bude prolo\u017eeno programem d\u011bt\u00ed a ml\u00e1de\u017ee. Ka\u017ed\u00fd p\u0159\u00edchoz\u00ed si bude moci tak\u00e9 vybrat z\u00e1lo\u017eku do Bible s ver\u0161em, jeho\u017e slova ho mohou n\u00e1sleduj\u00edc\u00edm rokem prov\u00e1zet.<\/em><\/p>\n<p style=\"text-align: left;\"><em>Na\u0161e bohoslu\u017eba za\u010dne <strong>o p\u016fl jeden\u00e1ct\u00e9<\/strong> v\u00a0modlitebn\u011b C\u00edrkve adventist\u016f v\u00a0Jesen\u00edku na N\u00e1m\u011bst\u00ed Svobody 878. <\/em><\/p>\n<p style=\"text-align: left;\"><em>Srde\u010dn\u011b v\u00e1s zveme.<\/em><\/p>\n","protected":false},"excerpt":{"rendered":"<p>\u201eKdo chce j\u00edt za mnou&#8230;\u201c \u00a0 \u00a0 \u00a0 \u00a0Matou\u0161ovo evangelium 16,24-27 \u00a0Mottem prvn\u00ed bohoslu\u017eby v\u00a0roce 2014 je t\u00e9ma n\u00e1sledov\u00e1n\u00ed. \u00a0Kazatel bratr Jan Majer, B.Th. bude prvn\u00ed lednovou sobotu hovo\u0159it v\u00a0k\u00e1z\u00e1n\u00ed o poko\u0159e, opravdovosti, c\u00edli na\u0161eho \u017eivota a o nad\u011bji na &hellip; <a href=\"https:\/\/jesenik.casd.cz\/?p=259\">Cel\u00fd p\u0159\u00edsp\u011bvek <span class=\"meta-nav\">&rarr;<\/span><\/a><\/p>\n","protected":false},"author":1,"featured_media":51,"comment_status":"open","ping_status":"open","sticky":false,"template":"","format":"standard","meta":{"ngg_post_thumbnail":0,"footnotes":""},"categories":[1],"tags":[],"class_list":["post-259","post","type-post","status-publish","format-standard","has-post-thumbnail","hentry","category-nezarazene"],"_links":{"self":[{"href":"https:\/\/jesenik.casd.cz\/index.php?rest_route=\/wp\/v2\/posts\/259","targetHints":{"allow":["GET"]}}],"collection":[{"href":"https:\/\/jesenik.casd.cz\/index.php?rest_route=\/wp\/v2\/posts"}],"about":[{"href":"https:\/\/jesenik.casd.cz\/index.php?rest_route=\/wp\/v2\/types\/post"}],"author":[{"embeddable":true,"href":"https:\/\/jesenik.casd.cz\/index.php?rest_route=\/wp\/v2\/users\/1"}],"replies":[{"embeddable":true,"href":"https:\/\/jesenik.casd.cz\/index.php?rest_route=%2Fwp%2Fv2%2Fcomments&post=259"}],"version-history":[{"count":5,"href":"https:\/\/jesenik.casd.cz\/index.php?rest_route=\/wp\/v2\/posts\/259\/revisions"}],"predecessor-version":[{"id":268,"href":"https:\/\/jesenik.casd.cz\/index.php?rest_route=\/wp\/v2\/posts\/259\/revisions\/268"}],"wp:featuredmedia":[{"embeddable":true,"href":"https:\/\/jesenik.casd.cz\/index.php?rest_route=\/wp\/v2\/media\/51"}],"wp:attachment":[{"href":"https:\/\/jesenik.casd.cz\/index.php?rest_route=%2Fwp%2Fv2%2Fmedia&parent=259"}],"wp:term":[{"taxonomy":"category","embeddable":true,"href":"https:\/\/jesenik.casd.cz\/index.php?rest_route=%2Fwp%2Fv2%2Fcategories&post=259"},{"taxonomy":"post_tag","embeddable":true,"href":"https:\/\/jesenik.casd.cz\/index.php?rest_route=%2Fwp%2Fv2%2Ftags&post=259"}],"curies":[{"name":"wp","href":"https:\/\/api.w.org\/{rel}","templated":true}]}}