{"id":269,"date":"2014-01-10T14:42:51","date_gmt":"2014-01-10T13:42:51","guid":{"rendered":"http:\/\/jesenik.casd.cz\/?p=269"},"modified":"2015-05-04T21:12:42","modified_gmt":"2015-05-04T19:12:42","slug":"zazraky-stvoreni","status":"publish","type":"post","link":"https:\/\/jesenik.casd.cz\/?p=269","title":{"rendered":"Z\u00e1zraky stvo\u0159en\u00ed"},"content":{"rendered":"<p><em>Zveme v\u00e1s na odpoledn\u00ed bohoslu\u017ebu s\u00a0n\u00e1zvem Z\u00e1zraky stvo\u0159en\u00ed. <\/em><\/p>\n<p><em>Co n\u00e1s v\u00a0programu \u010dek\u00e1? Budeme spole\u010dn\u011b:<\/em><\/p>\n<p><em>&#8211; Chv\u00e1lit a oslavovat Boha a d\u011bkovat mu za n\u00e1dhernou p\u0159\u00edrodu, kterou pro n\u00e1s stvo\u0159il.<\/em><\/p>\n<p><em>&#8211; Uva\u017eovat nad t\u00edm, pro\u010d se i v p\u0159\u00edrod\u011b,\u00a0 stejn\u011b tak jako v\u00a0lidsk\u00e9m sv\u011bt\u011b, prosazuje n\u00e1sil\u00ed.<\/em><\/p>\n<p><em>Spolu s\u00a0d\u011btmi budeme m\u00edt i p\u0159\u00edle\u017eitost k\u00a0tomu, abychom spole\u010dn\u011b poznali, kolik toho zn\u00e1me ze sv\u011bta zv\u00ed\u0159at.<\/em><\/p>\n<p><em>Kdy: <strong>Sobota 11. ledna 2014 ve 13 hodin<\/strong><\/em><\/p>\n<p><em>Kde: Sbor C\u00edrkve Adventist\u016f sedm\u00e9ho dne, Jesen\u00edk, N\u00e1m\u011bst\u00ed Svobody 878<\/em><\/p>\n","protected":false},"excerpt":{"rendered":"<p>Zveme v\u00e1s na odpoledn\u00ed bohoslu\u017ebu s\u00a0n\u00e1zvem Z\u00e1zraky stvo\u0159en\u00ed. Co n\u00e1s v\u00a0programu \u010dek\u00e1? Budeme spole\u010dn\u011b: &#8211; Chv\u00e1lit a oslavovat Boha a d\u011bkovat mu za n\u00e1dhernou p\u0159\u00edrodu, kterou pro n\u00e1s stvo\u0159il. &#8211; Uva\u017eovat nad t\u00edm, pro\u010d se i v p\u0159\u00edrod\u011b,\u00a0 stejn\u011b tak &hellip; <a href=\"https:\/\/jesenik.casd.cz\/?p=269\">Cel\u00fd p\u0159\u00edsp\u011bvek <span class=\"meta-nav\">&rarr;<\/span><\/a><\/p>\n","protected":false},"author":1,"featured_media":270,"comment_status":"open","ping_status":"open","sticky":false,"template":"","format":"standard","meta":{"ngg_post_thumbnail":0,"footnotes":""},"categories":[1],"tags":[],"class_list":["post-269","post","type-post","status-publish","format-standard","has-post-thumbnail","hentry","category-nezarazene"],"_links":{"self":[{"href":"https:\/\/jesenik.casd.cz\/index.php?rest_route=\/wp\/v2\/posts\/269","targetHints":{"allow":["GET"]}}],"collection":[{"href":"https:\/\/jesenik.casd.cz\/index.php?rest_route=\/wp\/v2\/posts"}],"about":[{"href":"https:\/\/jesenik.casd.cz\/index.php?rest_route=\/wp\/v2\/types\/post"}],"author":[{"embeddable":true,"href":"https:\/\/jesenik.casd.cz\/index.php?rest_route=\/wp\/v2\/users\/1"}],"replies":[{"embeddable":true,"href":"https:\/\/jesenik.casd.cz\/index.php?rest_route=%2Fwp%2Fv2%2Fcomments&post=269"}],"version-history":[{"count":13,"href":"https:\/\/jesenik.casd.cz\/index.php?rest_route=\/wp\/v2\/posts\/269\/revisions"}],"predecessor-version":[{"id":1120,"href":"https:\/\/jesenik.casd.cz\/index.php?rest_route=\/wp\/v2\/posts\/269\/revisions\/1120"}],"wp:featuredmedia":[{"embeddable":true,"href":"https:\/\/jesenik.casd.cz\/index.php?rest_route=\/wp\/v2\/media\/270"}],"wp:attachment":[{"href":"https:\/\/jesenik.casd.cz\/index.php?rest_route=%2Fwp%2Fv2%2Fmedia&parent=269"}],"wp:term":[{"taxonomy":"category","embeddable":true,"href":"https:\/\/jesenik.casd.cz\/index.php?rest_route=%2Fwp%2Fv2%2Fcategories&post=269"},{"taxonomy":"post_tag","embeddable":true,"href":"https:\/\/jesenik.casd.cz\/index.php?rest_route=%2Fwp%2Fv2%2Ftags&post=269"}],"curies":[{"name":"wp","href":"https:\/\/api.w.org\/{rel}","templated":true}]}}