{"id":292,"date":"2014-01-20T09:39:07","date_gmt":"2014-01-20T08:39:07","guid":{"rendered":"http:\/\/jesenik.casd.cz\/?p=292"},"modified":"2015-05-04T21:12:21","modified_gmt":"2015-05-04T19:12:21","slug":"modlitba-fraze-nebo-prozitek","status":"publish","type":"post","link":"https:\/\/jesenik.casd.cz\/?p=292","title":{"rendered":"Modlitba &#8211; fr\u00e1ze nebo pro\u017eitek?"},"content":{"rendered":"<p><em>Pokud m\u00e1te chu\u0165, zveme v\u00e1s na dal\u0161\u00ed setk\u00e1n\u00ed jesenick\u00e9, z\u00e1b\u0159e\u017esk\u00e9 a \u0161umpersk\u00e9 ml\u00e1de\u017ee, tentokr\u00e1te v \u0160umperku. Chceme pro\u017e\u00edt spole\u010dn\u011b den napln\u011bn\u00fd vd\u011b\u010dnost\u00ed, radost\u00ed a \u00favahami o Bohu, kter\u00e9mu v\u011b\u0159\u00edme.\u00a0<\/em><a href=\"http:\/\/jesenik.casd.cz\/?attachment_id=299\" rel=\"attachment wp-att-299\"><img loading=\"lazy\" decoding=\"async\" class=\"aligncenter size-large wp-image-299\" title=\"Kopie - modlitba\" src=\"http:\/\/jesenik.casd.cz\/wp-content\/uploads\/2014\/01\/Kopie-modlitba-723x1024.jpg\" alt=\"\" width=\"723\" height=\"1024\" \/><\/a><\/p>\n","protected":false},"excerpt":{"rendered":"<p>Pokud m\u00e1te chu\u0165, zveme v\u00e1s na dal\u0161\u00ed setk\u00e1n\u00ed jesenick\u00e9, z\u00e1b\u0159e\u017esk\u00e9 a \u0161umpersk\u00e9 ml\u00e1de\u017ee, tentokr\u00e1te v \u0160umperku. Chceme pro\u017e\u00edt spole\u010dn\u011b den napln\u011bn\u00fd vd\u011b\u010dnost\u00ed, radost\u00ed a \u00favahami o Bohu, kter\u00e9mu v\u011b\u0159\u00edme.\u00a0<\/p>\n","protected":false},"author":1,"featured_media":727,"comment_status":"open","ping_status":"open","sticky":false,"template":"","format":"standard","meta":{"ngg_post_thumbnail":0,"footnotes":""},"categories":[6,1],"tags":[],"class_list":["post-292","post","type-post","status-publish","format-standard","has-post-thumbnail","hentry","category-mladez","category-nezarazene"],"_links":{"self":[{"href":"https:\/\/jesenik.casd.cz\/index.php?rest_route=\/wp\/v2\/posts\/292","targetHints":{"allow":["GET"]}}],"collection":[{"href":"https:\/\/jesenik.casd.cz\/index.php?rest_route=\/wp\/v2\/posts"}],"about":[{"href":"https:\/\/jesenik.casd.cz\/index.php?rest_route=\/wp\/v2\/types\/post"}],"author":[{"embeddable":true,"href":"https:\/\/jesenik.casd.cz\/index.php?rest_route=\/wp\/v2\/users\/1"}],"replies":[{"embeddable":true,"href":"https:\/\/jesenik.casd.cz\/index.php?rest_route=%2Fwp%2Fv2%2Fcomments&post=292"}],"version-history":[{"count":6,"href":"https:\/\/jesenik.casd.cz\/index.php?rest_route=\/wp\/v2\/posts\/292\/revisions"}],"predecessor-version":[{"id":301,"href":"https:\/\/jesenik.casd.cz\/index.php?rest_route=\/wp\/v2\/posts\/292\/revisions\/301"}],"wp:featuredmedia":[{"embeddable":true,"href":"https:\/\/jesenik.casd.cz\/index.php?rest_route=\/wp\/v2\/media\/727"}],"wp:attachment":[{"href":"https:\/\/jesenik.casd.cz\/index.php?rest_route=%2Fwp%2Fv2%2Fmedia&parent=292"}],"wp:term":[{"taxonomy":"category","embeddable":true,"href":"https:\/\/jesenik.casd.cz\/index.php?rest_route=%2Fwp%2Fv2%2Fcategories&post=292"},{"taxonomy":"post_tag","embeddable":true,"href":"https:\/\/jesenik.casd.cz\/index.php?rest_route=%2Fwp%2Fv2%2Ftags&post=292"}],"curies":[{"name":"wp","href":"https:\/\/api.w.org\/{rel}","templated":true}]}}