{"id":508,"date":"2014-08-21T21:53:20","date_gmt":"2014-08-21T19:53:20","guid":{"rendered":"http:\/\/jesenik.casd.cz\/?p=508"},"modified":"2015-05-04T21:10:22","modified_gmt":"2015-05-04T19:10:22","slug":"jak-vznikal-podmorsky-svet","status":"publish","type":"post","link":"https:\/\/jesenik.casd.cz\/?p=508","title":{"rendered":"Jak vznikal &#8222;podmo\u0159sk\u00fd sv\u011bt&#8220;"},"content":{"rendered":"<p>Ka\u017edou sobotu dopoledne od 9:15 do 10:30 hodin se sch\u00e1zej\u00ed star\u0161\u00ed d\u011bti v &#8222;podmo\u0159sk\u00e9m sv\u011bt\u011b&#8220;, \u00a0kde maj\u00ed sv\u016fj program. Program pro n\u011b p\u0159ipravuj\u00ed tety Blanka a Monika. \u010ctou spole\u010dn\u011b biblick\u00e9 p\u0159\u00edb\u011bhy, pov\u00eddaj\u00ed si, hraj\u00ed a zp\u00edvaj\u00ed. \u00a0V \u00a0na\u0161\u00ed fotogalerii se m\u016f\u017eete pod\u00edvat, jak vznikala m\u00edstnost, ve kter\u00e9 se d\u011bti sch\u00e1zej\u00ed. A nejen to, r\u00e1di v\u00e1s &#8222;podmo\u0159sk\u00fdm sv\u011btem&#8220; provedeme osobn\u011b a pokud je va\u0161im d\u011btem v\u00edce ne\u017e 5 let a m\u00e9n\u011b ne\u017e 12 let, m\u016f\u017eete se taky zapojit do p\u0159ipraven\u00e9ho programu. V\u00edce informac\u00ed z\u00edsk\u00e1te na telefonn\u00edm \u010d\u00edsle 775789041 nebo na b.hyvnarova@seznam.cz.<\/p>\n<p>PS: D\u011bkujeme Ad\u00e9lce a Ani\u010dce, kter\u00e9 v\u00fdzdobu m\u00edstnosti vytvo\u0159ily!<\/p>\n","protected":false},"excerpt":{"rendered":"<p>Ka\u017edou sobotu dopoledne od 9:15 do 10:30 hodin se sch\u00e1zej\u00ed star\u0161\u00ed d\u011bti v &#8222;podmo\u0159sk\u00e9m sv\u011bt\u011b&#8220;, \u00a0kde maj\u00ed sv\u016fj program. Program pro n\u011b p\u0159ipravuj\u00ed tety Blanka a Monika. \u010ctou spole\u010dn\u011b biblick\u00e9 p\u0159\u00edb\u011bhy, pov\u00eddaj\u00ed si, hraj\u00ed a zp\u00edvaj\u00ed. \u00a0V \u00a0na\u0161\u00ed fotogalerii se &hellip; <a href=\"https:\/\/jesenik.casd.cz\/?p=508\">Cel\u00fd p\u0159\u00edsp\u011bvek <span class=\"meta-nav\">&rarr;<\/span><\/a><\/p>\n","protected":false},"author":1,"featured_media":985,"comment_status":"open","ping_status":"open","sticky":false,"template":"","format":"image","meta":{"ngg_post_thumbnail":0,"footnotes":""},"categories":[7,1],"tags":[],"class_list":["post-508","post","type-post","status-publish","format-image","has-post-thumbnail","hentry","category-deti","category-nezarazene","post_format-post-format-image"],"_links":{"self":[{"href":"https:\/\/jesenik.casd.cz\/index.php?rest_route=\/wp\/v2\/posts\/508","targetHints":{"allow":["GET"]}}],"collection":[{"href":"https:\/\/jesenik.casd.cz\/index.php?rest_route=\/wp\/v2\/posts"}],"about":[{"href":"https:\/\/jesenik.casd.cz\/index.php?rest_route=\/wp\/v2\/types\/post"}],"author":[{"embeddable":true,"href":"https:\/\/jesenik.casd.cz\/index.php?rest_route=\/wp\/v2\/users\/1"}],"replies":[{"embeddable":true,"href":"https:\/\/jesenik.casd.cz\/index.php?rest_route=%2Fwp%2Fv2%2Fcomments&post=508"}],"version-history":[{"count":6,"href":"https:\/\/jesenik.casd.cz\/index.php?rest_route=\/wp\/v2\/posts\/508\/revisions"}],"predecessor-version":[{"id":543,"href":"https:\/\/jesenik.casd.cz\/index.php?rest_route=\/wp\/v2\/posts\/508\/revisions\/543"}],"wp:featuredmedia":[{"embeddable":true,"href":"https:\/\/jesenik.casd.cz\/index.php?rest_route=\/wp\/v2\/media\/985"}],"wp:attachment":[{"href":"https:\/\/jesenik.casd.cz\/index.php?rest_route=%2Fwp%2Fv2%2Fmedia&parent=508"}],"wp:term":[{"taxonomy":"category","embeddable":true,"href":"https:\/\/jesenik.casd.cz\/index.php?rest_route=%2Fwp%2Fv2%2Fcategories&post=508"},{"taxonomy":"post_tag","embeddable":true,"href":"https:\/\/jesenik.casd.cz\/index.php?rest_route=%2Fwp%2Fv2%2Ftags&post=508"}],"curies":[{"name":"wp","href":"https:\/\/api.w.org\/{rel}","templated":true}]}}