{"id":642,"date":"2014-11-02T21:27:32","date_gmt":"2014-11-02T20:27:32","guid":{"rendered":"http:\/\/jesenik.casd.cz\/?p=642"},"modified":"2014-11-02T22:00:35","modified_gmt":"2014-11-02T21:00:35","slug":"aaaa","status":"publish","type":"post","link":"https:\/\/jesenik.casd.cz\/?p=642","title":{"rendered":"Co je to ADRA"},"content":{"rendered":"<p style=\"color: #404040;\">Slovo ADRA je zkratka. Je to n\u00e1zev mezin\u00e1rodn\u00ed humanit\u00e1rn\u00ed organizace, kter\u00e1 poskytuje pomoc lidem v nouzi \u2013 \u00a0Adventist Development and Relief Agency \u2013 v p\u0159ekladu to znamen\u00e1 \u201eAdventistick\u00e1 agentura pro pomoc a rozvoj\u201c. Tato organizace p\u016fsob\u00ed ve 125 zem\u00edch sv\u011bta a ADRA \u010cesk\u00e1 republika je tady od roku 1982. Pokud se chcete o n\u00ed dozv\u011bd\u011bt v\u00edce, najd\u011bte si www.adra.cz<\/p>\n<p style=\"color: #404040;\">V\u0161em, kte\u0159\u00ed ji u\u017e znaj\u00ed a zapojili se do pomoci, d\u011bkujeme!<\/p>\n","protected":false},"excerpt":{"rendered":"<p>Slovo ADRA je zkratka. Je to n\u00e1zev mezin\u00e1rodn\u00ed humanit\u00e1rn\u00ed organizace, kter\u00e1 poskytuje pomoc lidem v nouzi \u2013 \u00a0Adventist Development and Relief Agency \u2013 v p\u0159ekladu to znamen\u00e1 \u201eAdventistick\u00e1 agentura pro pomoc a rozvoj\u201c. Tato organizace p\u016fsob\u00ed ve 125 zem\u00edch sv\u011bta &hellip; <a href=\"https:\/\/jesenik.casd.cz\/?p=642\">Cel\u00fd p\u0159\u00edsp\u011bvek <span class=\"meta-nav\">&rarr;<\/span><\/a><\/p>\n","protected":false},"author":1,"featured_media":593,"comment_status":"open","ping_status":"open","sticky":false,"template":"","format":"standard","meta":{"ngg_post_thumbnail":0,"footnotes":""},"categories":[5],"tags":[],"class_list":["post-642","post","type-post","status-publish","format-standard","has-post-thumbnail","hentry","category-adra"],"_links":{"self":[{"href":"https:\/\/jesenik.casd.cz\/index.php?rest_route=\/wp\/v2\/posts\/642","targetHints":{"allow":["GET"]}}],"collection":[{"href":"https:\/\/jesenik.casd.cz\/index.php?rest_route=\/wp\/v2\/posts"}],"about":[{"href":"https:\/\/jesenik.casd.cz\/index.php?rest_route=\/wp\/v2\/types\/post"}],"author":[{"embeddable":true,"href":"https:\/\/jesenik.casd.cz\/index.php?rest_route=\/wp\/v2\/users\/1"}],"replies":[{"embeddable":true,"href":"https:\/\/jesenik.casd.cz\/index.php?rest_route=%2Fwp%2Fv2%2Fcomments&post=642"}],"version-history":[{"count":3,"href":"https:\/\/jesenik.casd.cz\/index.php?rest_route=\/wp\/v2\/posts\/642\/revisions"}],"predecessor-version":[{"id":644,"href":"https:\/\/jesenik.casd.cz\/index.php?rest_route=\/wp\/v2\/posts\/642\/revisions\/644"}],"wp:featuredmedia":[{"embeddable":true,"href":"https:\/\/jesenik.casd.cz\/index.php?rest_route=\/wp\/v2\/media\/593"}],"wp:attachment":[{"href":"https:\/\/jesenik.casd.cz\/index.php?rest_route=%2Fwp%2Fv2%2Fmedia&parent=642"}],"wp:term":[{"taxonomy":"category","embeddable":true,"href":"https:\/\/jesenik.casd.cz\/index.php?rest_route=%2Fwp%2Fv2%2Fcategories&post=642"},{"taxonomy":"post_tag","embeddable":true,"href":"https:\/\/jesenik.casd.cz\/index.php?rest_route=%2Fwp%2Fv2%2Ftags&post=642"}],"curies":[{"name":"wp","href":"https:\/\/api.w.org\/{rel}","templated":true}]}}