{"id":759,"date":"2014-11-19T07:44:13","date_gmt":"2014-11-19T06:44:13","guid":{"rendered":"http:\/\/jesenik.casd.cz\/?p=759"},"modified":"2014-12-28T20:10:40","modified_gmt":"2014-12-28T19:10:40","slug":"listopadove-setkani-mladeze-tentokrat-v-krnove","status":"publish","type":"post","link":"https:\/\/jesenik.casd.cz\/?p=759","title":{"rendered":"Listopadov\u00e9 setk\u00e1n\u00ed ml\u00e1de\u017ee, tentokr\u00e1t v Krnov\u011b"},"content":{"rendered":"<p>\u201eHudba za oponou\u201c je n\u00e1zev setk\u00e1n\u00ed, kter\u00fd p\u0159ipravili krnov\u0161t\u00ed v\u011b\u0159\u00edc\u00ed mlad\u00ed lid\u00e9 pro sv\u00e9 kamar\u00e1dy. Pokud byste cht\u011bli pro\u017e\u00edt posledn\u00ed listopadov\u00fd v\u00edkend s t\u011bmi, kte\u0159\u00ed se u\u010d\u00ed d\u016fv\u011b\u0159ovat Bohu, pod\u00edvejte se na p\u0159ilo\u017eenou pozv\u00e1nku. Jestli v\u00e1s program zaujme a c\u00edt\u00edte se b\u00fdt mlad\u00ed (v\u011bkem, uva\u017eov\u00e1n\u00ed, jakkoli), m\u016f\u017eete p\u0159ijet taky. V\u00edce informac\u00ed v\u00e1m poskytne prost\u0159ednictv\u00edm mailu Benjamin Do. (BenjaminDo@seznam.cz)<\/p>\n<p><a href=\"http:\/\/jesenik.casd.cz\/wp-content\/uploads\/2014\/11\/09-Hudba-za-oponou.pdf\">09 Hudba za oponou<\/a><\/p>\n<p><img loading=\"lazy\" decoding=\"async\" class=\"alignleft size-large wp-image-760\" src=\"http:\/\/jesenik.casd.cz\/wp-content\/uploads\/2014\/11\/09-Hudba-za-oponou-724x1024.jpg\" alt=\"09 Hudba za oponou\" width=\"724\" height=\"1024\" srcset=\"https:\/\/jesenik.casd.cz\/wp-content\/uploads\/2014\/11\/09-Hudba-za-oponou-724x1024.jpg 724w, https:\/\/jesenik.casd.cz\/wp-content\/uploads\/2014\/11\/09-Hudba-za-oponou-212x300.jpg 212w, https:\/\/jesenik.casd.cz\/wp-content\/uploads\/2014\/11\/09-Hudba-za-oponou.jpg 1241w\" sizes=\"auto, (max-width: 724px) 100vw, 724px\" \/><\/p>\n","protected":false},"excerpt":{"rendered":"<p>\u201eHudba za oponou\u201c je n\u00e1zev setk\u00e1n\u00ed, kter\u00fd p\u0159ipravili krnov\u0161t\u00ed v\u011b\u0159\u00edc\u00ed mlad\u00ed lid\u00e9 pro sv\u00e9 kamar\u00e1dy. Pokud byste cht\u011bli pro\u017e\u00edt posledn\u00ed listopadov\u00fd v\u00edkend s t\u011bmi, kte\u0159\u00ed se u\u010d\u00ed d\u016fv\u011b\u0159ovat Bohu, pod\u00edvejte se na p\u0159ilo\u017eenou pozv\u00e1nku. Jestli v\u00e1s program zaujme a c\u00edt\u00edte &hellip; <a href=\"https:\/\/jesenik.casd.cz\/?p=759\">Cel\u00fd p\u0159\u00edsp\u011bvek <span class=\"meta-nav\">&rarr;<\/span><\/a><\/p>\n","protected":false},"author":1,"featured_media":0,"comment_status":"open","ping_status":"open","sticky":false,"template":"","format":"standard","meta":{"ngg_post_thumbnail":0,"footnotes":""},"categories":[6],"tags":[],"class_list":["post-759","post","type-post","status-publish","format-standard","hentry","category-mladez"],"_links":{"self":[{"href":"https:\/\/jesenik.casd.cz\/index.php?rest_route=\/wp\/v2\/posts\/759","targetHints":{"allow":["GET"]}}],"collection":[{"href":"https:\/\/jesenik.casd.cz\/index.php?rest_route=\/wp\/v2\/posts"}],"about":[{"href":"https:\/\/jesenik.casd.cz\/index.php?rest_route=\/wp\/v2\/types\/post"}],"author":[{"embeddable":true,"href":"https:\/\/jesenik.casd.cz\/index.php?rest_route=\/wp\/v2\/users\/1"}],"replies":[{"embeddable":true,"href":"https:\/\/jesenik.casd.cz\/index.php?rest_route=%2Fwp%2Fv2%2Fcomments&post=759"}],"version-history":[{"count":1,"href":"https:\/\/jesenik.casd.cz\/index.php?rest_route=\/wp\/v2\/posts\/759\/revisions"}],"predecessor-version":[{"id":761,"href":"https:\/\/jesenik.casd.cz\/index.php?rest_route=\/wp\/v2\/posts\/759\/revisions\/761"}],"wp:attachment":[{"href":"https:\/\/jesenik.casd.cz\/index.php?rest_route=%2Fwp%2Fv2%2Fmedia&parent=759"}],"wp:term":[{"taxonomy":"category","embeddable":true,"href":"https:\/\/jesenik.casd.cz\/index.php?rest_route=%2Fwp%2Fv2%2Fcategories&post=759"},{"taxonomy":"post_tag","embeddable":true,"href":"https:\/\/jesenik.casd.cz\/index.php?rest_route=%2Fwp%2Fv2%2Ftags&post=759"}],"curies":[{"name":"wp","href":"https:\/\/api.w.org\/{rel}","templated":true}]}}