{"id":80,"date":"2013-10-27T19:47:23","date_gmt":"2013-10-27T18:47:23","guid":{"rendered":"http:\/\/jesenik.casd.cz\/?p=80"},"modified":"2015-05-04T21:17:10","modified_gmt":"2015-05-04T19:17:10","slug":"rytiri-klubu-pathfinder","status":"publish","type":"post","link":"https:\/\/jesenik.casd.cz\/?p=80","title":{"rendered":"D\u011bti a ml\u00e1de\u017e"},"content":{"rendered":"<p><a href=\"http:\/\/jesenik.casd.cz\/wp-content\/uploads\/Ryt\u00ed\u0159i4.jpg\"><img loading=\"lazy\" decoding=\"async\" class=\"alignleft size-thumbnail wp-image-89\" title=\"Ryt\u00ed\u0159i\" src=\"http:\/\/jesenik.casd.cz\/wp-content\/uploads\/Ryt\u00ed\u0159i4-150x150.jpg\" alt=\"\" width=\"150\" height=\"150\" srcset=\"https:\/\/jesenik.casd.cz\/wp-content\/uploads\/Ryt\u00ed\u0159i4-150x150.jpg 150w, https:\/\/jesenik.casd.cz\/wp-content\/uploads\/Ryt\u00ed\u0159i4-90x90.jpg 90w\" sizes=\"auto, (max-width: 150px) 100vw, 150px\" \/><\/a><\/p>\n<p><em>Ryt\u00ed\u0159i z Klubu Pathfinder zvou do RYT\u00cd\u0158SK\u00c9 \u0160KOLY v\u0161echny urozen\u00e9 p\u00e1ny a d\u00e1my s doprovodem:<\/em><\/p>\n<ul>\n<li><em>z\u00fa\u010dastn\u011bte se ryt\u00ed\u0159sk\u00e9ho kl\u00e1n\u00ed,<\/em><\/li>\n<li><em>z\u00edskejte zbroj podle Pavlova Listu Efezsk\u00fdm,<\/em><\/li>\n<li><em>po roce zkou\u0161ek m\u016f\u017eete\u00a0 vstoupit do ryt\u00ed\u0159sk\u00e9ho \u0159\u00e1du.<\/em><\/li>\n<\/ul>\n<p><em>Prvn\u00ed dv\u011b setk\u00e1n\u00ed v sobotu \u00a02. 11. a 23. 11. 2013 od 14:00<\/em><\/p>\n<p><em>ve sboru CASD v Jesen\u00edku\u00a0 na\u00a0 N\u00e1m\u011bst\u00ed Svobody 878.<\/em><a href=\"http:\/\/jesenik.casd.cz\/wp-content\/uploads\/Obr\u00e1zek11.gif\"><img loading=\"lazy\" decoding=\"async\" class=\"aligncenter size-full wp-image-91\" title=\"Obr\u00e1zek1\" src=\"http:\/\/jesenik.casd.cz\/wp-content\/uploads\/Obr\u00e1zek11.gif\" alt=\"\" width=\"68\" height=\"66\" \/><\/a><\/p>\n","protected":false},"excerpt":{"rendered":"<p>Ryt\u00ed\u0159i z Klubu Pathfinder zvou do RYT\u00cd\u0158SK\u00c9 \u0160KOLY v\u0161echny urozen\u00e9 p\u00e1ny a d\u00e1my s doprovodem: z\u00fa\u010dastn\u011bte se ryt\u00ed\u0159sk\u00e9ho kl\u00e1n\u00ed, z\u00edskejte zbroj podle Pavlova Listu Efezsk\u00fdm, po roce zkou\u0161ek m\u016f\u017eete\u00a0 vstoupit do ryt\u00ed\u0159sk\u00e9ho \u0159\u00e1du. Prvn\u00ed dv\u011b setk\u00e1n\u00ed v sobotu \u00a02. 11. &hellip; <a href=\"https:\/\/jesenik.casd.cz\/?p=80\">Cel\u00fd p\u0159\u00edsp\u011bvek <span class=\"meta-nav\">&rarr;<\/span><\/a><\/p>\n","protected":false},"author":1,"featured_media":0,"comment_status":"open","ping_status":"open","sticky":false,"template":"","format":"standard","meta":{"ngg_post_thumbnail":0,"footnotes":""},"categories":[7],"tags":[],"class_list":["post-80","post","type-post","status-publish","format-standard","hentry","category-deti"],"_links":{"self":[{"href":"https:\/\/jesenik.casd.cz\/index.php?rest_route=\/wp\/v2\/posts\/80","targetHints":{"allow":["GET"]}}],"collection":[{"href":"https:\/\/jesenik.casd.cz\/index.php?rest_route=\/wp\/v2\/posts"}],"about":[{"href":"https:\/\/jesenik.casd.cz\/index.php?rest_route=\/wp\/v2\/types\/post"}],"author":[{"embeddable":true,"href":"https:\/\/jesenik.casd.cz\/index.php?rest_route=\/wp\/v2\/users\/1"}],"replies":[{"embeddable":true,"href":"https:\/\/jesenik.casd.cz\/index.php?rest_route=%2Fwp%2Fv2%2Fcomments&post=80"}],"version-history":[{"count":10,"href":"https:\/\/jesenik.casd.cz\/index.php?rest_route=\/wp\/v2\/posts\/80\/revisions"}],"predecessor-version":[{"id":712,"href":"https:\/\/jesenik.casd.cz\/index.php?rest_route=\/wp\/v2\/posts\/80\/revisions\/712"}],"wp:attachment":[{"href":"https:\/\/jesenik.casd.cz\/index.php?rest_route=%2Fwp%2Fv2%2Fmedia&parent=80"}],"wp:term":[{"taxonomy":"category","embeddable":true,"href":"https:\/\/jesenik.casd.cz\/index.php?rest_route=%2Fwp%2Fv2%2Fcategories&post=80"},{"taxonomy":"post_tag","embeddable":true,"href":"https:\/\/jesenik.casd.cz\/index.php?rest_route=%2Fwp%2Fv2%2Ftags&post=80"}],"curies":[{"name":"wp","href":"https:\/\/api.w.org\/{rel}","templated":true}]}}