{"id":820,"date":"2014-12-21T16:21:01","date_gmt":"2014-12-21T15:21:01","guid":{"rendered":"http:\/\/jesenik.casd.cz\/?p=820"},"modified":"2014-12-21T16:24:28","modified_gmt":"2014-12-21T15:24:28","slug":"nocni-hra-deti-listopad-2013","status":"publish","type":"post","link":"https:\/\/jesenik.casd.cz\/?p=820","title":{"rendered":"No\u010dn\u00ed hra d\u011bt\u00ed, listopad 2013"},"content":{"rendered":"<p><img loading=\"lazy\" decoding=\"async\" class=\"alignnone size-medium wp-image-394\" src=\"http:\/\/jesenik.casd.cz\/wp-content\/uploads\/2014\/03\/IMG_1334-225x300.jpg\" alt=\"IMG_1334\" width=\"225\" height=\"300\" srcset=\"https:\/\/jesenik.casd.cz\/wp-content\/uploads\/2014\/03\/IMG_1334-225x300.jpg 225w, https:\/\/jesenik.casd.cz\/wp-content\/uploads\/2014\/03\/IMG_1334-768x1024.jpg 768w, https:\/\/jesenik.casd.cz\/wp-content\/uploads\/2014\/03\/IMG_1334.jpg 1200w\" sizes=\"auto, (max-width: 225px) 100vw, 225px\" \/> <img loading=\"lazy\" decoding=\"async\" class=\"alignnone size-medium wp-image-393\" src=\"http:\/\/jesenik.casd.cz\/wp-content\/uploads\/2014\/03\/IMG_1333-221x300.jpg\" alt=\"IMG_1333\" width=\"221\" height=\"300\" srcset=\"https:\/\/jesenik.casd.cz\/wp-content\/uploads\/2014\/03\/IMG_1333-221x300.jpg 221w, https:\/\/jesenik.casd.cz\/wp-content\/uploads\/2014\/03\/IMG_1333-756x1024.jpg 756w, https:\/\/jesenik.casd.cz\/wp-content\/uploads\/2014\/03\/IMG_1333.jpg 908w\" sizes=\"auto, (max-width: 221px) 100vw, 221px\" \/> \u00a0<img loading=\"lazy\" decoding=\"async\" class=\"alignnone size-medium wp-image-389\" src=\"http:\/\/jesenik.casd.cz\/wp-content\/uploads\/2014\/03\/Kopie-IMG_1339-287x300.jpg\" alt=\"Kopie - IMG_1339\" width=\"287\" height=\"300\" srcset=\"https:\/\/jesenik.casd.cz\/wp-content\/uploads\/2014\/03\/Kopie-IMG_1339-287x300.jpg 287w, https:\/\/jesenik.casd.cz\/wp-content\/uploads\/2014\/03\/Kopie-IMG_1339.jpg 905w\" sizes=\"auto, (max-width: 287px) 100vw, 287px\" \/><img loading=\"lazy\" decoding=\"async\" class=\"alignnone size-medium wp-image-392\" src=\"http:\/\/jesenik.casd.cz\/wp-content\/uploads\/2014\/03\/Kopie-IMG_1337-300x238.jpg\" alt=\"Kopie - IMG_1337\" width=\"300\" height=\"238\" srcset=\"https:\/\/jesenik.casd.cz\/wp-content\/uploads\/2014\/03\/Kopie-IMG_1337-300x238.jpg 300w, https:\/\/jesenik.casd.cz\/wp-content\/uploads\/2014\/03\/Kopie-IMG_1337.jpg 1022w\" sizes=\"auto, (max-width: 300px) 100vw, 300px\" \/><\/p>\n","protected":false},"excerpt":{"rendered":"<p>\u00a0<\/p>\n","protected":false},"author":1,"featured_media":389,"comment_status":"open","ping_status":"open","sticky":false,"template":"","format":"standard","meta":{"ngg_post_thumbnail":0,"footnotes":""},"categories":[12],"tags":[],"class_list":["post-820","post","type-post","status-publish","format-standard","has-post-thumbnail","hentry","category-fotogalerie"],"_links":{"self":[{"href":"https:\/\/jesenik.casd.cz\/index.php?rest_route=\/wp\/v2\/posts\/820","targetHints":{"allow":["GET"]}}],"collection":[{"href":"https:\/\/jesenik.casd.cz\/index.php?rest_route=\/wp\/v2\/posts"}],"about":[{"href":"https:\/\/jesenik.casd.cz\/index.php?rest_route=\/wp\/v2\/types\/post"}],"author":[{"embeddable":true,"href":"https:\/\/jesenik.casd.cz\/index.php?rest_route=\/wp\/v2\/users\/1"}],"replies":[{"embeddable":true,"href":"https:\/\/jesenik.casd.cz\/index.php?rest_route=%2Fwp%2Fv2%2Fcomments&post=820"}],"version-history":[{"count":1,"href":"https:\/\/jesenik.casd.cz\/index.php?rest_route=\/wp\/v2\/posts\/820\/revisions"}],"predecessor-version":[{"id":821,"href":"https:\/\/jesenik.casd.cz\/index.php?rest_route=\/wp\/v2\/posts\/820\/revisions\/821"}],"wp:featuredmedia":[{"embeddable":true,"href":"https:\/\/jesenik.casd.cz\/index.php?rest_route=\/wp\/v2\/media\/389"}],"wp:attachment":[{"href":"https:\/\/jesenik.casd.cz\/index.php?rest_route=%2Fwp%2Fv2%2Fmedia&parent=820"}],"wp:term":[{"taxonomy":"category","embeddable":true,"href":"https:\/\/jesenik.casd.cz\/index.php?rest_route=%2Fwp%2Fv2%2Fcategories&post=820"},{"taxonomy":"post_tag","embeddable":true,"href":"https:\/\/jesenik.casd.cz\/index.php?rest_route=%2Fwp%2Fv2%2Ftags&post=820"}],"curies":[{"name":"wp","href":"https:\/\/api.w.org\/{rel}","templated":true}]}}