{"id":910,"date":"2015-01-25T15:35:39","date_gmt":"2015-01-25T14:35:39","guid":{"rendered":"http:\/\/jesenik.casd.cz\/?p=910"},"modified":"2015-01-30T19:43:45","modified_gmt":"2015-01-30T18:43:45","slug":"vers-pro-rok-2015-sbor-casd-jesenik","status":"publish","type":"post","link":"https:\/\/jesenik.casd.cz\/?p=910","title":{"rendered":"Ver\u0161 pro rok 2015 \u2013 sbor CASD Jesen\u00edk"},"content":{"rendered":"<p>N\u00e1\u0161 sbor si pro tento rok vybral jako zasl\u00edben\u00ed tento biblick\u00fd ver\u0161:<\/p>\n<p><strong><em>Jeremj\u00e1\u0161 17,8\u00a0 <\/em><\/strong><em>&#8222;Bude jako strom zasazen\u00fd<br \/>\nu vody; sv\u00e9 ko\u0159eny zapustil u vodn\u00edho toku, nezakus\u00ed p\u0159ich\u00e1zej\u00edc\u00ed \u017e\u00e1r. Jeho list\u00ed je zelen\u00e9,<br \/>\nv roce sucha se ni\u010deho neob\u00e1v\u00e1, nep\u0159est\u00e1v\u00e1 n\u00e9st plody.&#8220;<\/em><\/p>\n<p><b>Slovo kazatele:<\/b><strong>\u00a0<\/strong>Hospodin n\u00e1s chce p\u0159ipodobnit ke strom\u016fm zasazen\u00fdm u tekouc\u00ed vody. Ty od Boha \u010derpaj\u00ed s\u00edlu nejen pro sebe, ale i pro sv\u00e9 okol\u00ed. Nespokojme se s\u00a0\u017eivotem podobn\u00fdm ke\u0159i \u017eivo\u0159\u00edc\u00edmu n\u011bkde na pou\u0161ti, ale zapus\u0165me ko\u0159eny v\u00a0pevn\u00e9m vztahu s\u00a0Bohem. Pak obstoj\u00edme a budeme m\u00edt co d\u00e1vat druh\u00fdm.<\/p>\n<p><img loading=\"lazy\" decoding=\"async\" class=\"alignnone size-large wp-image-925\" src=\"http:\/\/jesenik.casd.cz\/wp-content\/uploads\/2015\/01\/Sn\u00edmek-428-1024x768.jpg\" alt=\"Sn\u00edmek 428\" width=\"700\" height=\"525\" srcset=\"https:\/\/jesenik.casd.cz\/wp-content\/uploads\/2015\/01\/Sn\u00edmek-428-1024x768.jpg 1024w, https:\/\/jesenik.casd.cz\/wp-content\/uploads\/2015\/01\/Sn\u00edmek-428-300x225.jpg 300w\" sizes=\"auto, (max-width: 700px) 100vw, 700px\" \/><\/p>\n","protected":false},"excerpt":{"rendered":"<p>N\u00e1\u0161 sbor si pro tento rok vybral jako zasl\u00edben\u00ed tento biblick\u00fd ver\u0161: Jeremj\u00e1\u0161 17,8\u00a0 &#8222;Bude jako strom zasazen\u00fd u vody; sv\u00e9 ko\u0159eny zapustil u vodn\u00edho toku, nezakus\u00ed p\u0159ich\u00e1zej\u00edc\u00ed \u017e\u00e1r. Jeho list\u00ed je zelen\u00e9, v roce sucha se ni\u010deho neob\u00e1v\u00e1, nep\u0159est\u00e1v\u00e1 &hellip; <a href=\"https:\/\/jesenik.casd.cz\/?p=910\">Cel\u00fd p\u0159\u00edsp\u011bvek <span class=\"meta-nav\">&rarr;<\/span><\/a><\/p>\n","protected":false},"author":1,"featured_media":925,"comment_status":"open","ping_status":"open","sticky":false,"template":"","format":"standard","meta":{"ngg_post_thumbnail":0,"footnotes":""},"categories":[11,1],"tags":[],"class_list":["post-910","post","type-post","status-publish","format-standard","has-post-thumbnail","hentry","category-bohosluzby","category-nezarazene"],"_links":{"self":[{"href":"https:\/\/jesenik.casd.cz\/index.php?rest_route=\/wp\/v2\/posts\/910","targetHints":{"allow":["GET"]}}],"collection":[{"href":"https:\/\/jesenik.casd.cz\/index.php?rest_route=\/wp\/v2\/posts"}],"about":[{"href":"https:\/\/jesenik.casd.cz\/index.php?rest_route=\/wp\/v2\/types\/post"}],"author":[{"embeddable":true,"href":"https:\/\/jesenik.casd.cz\/index.php?rest_route=\/wp\/v2\/users\/1"}],"replies":[{"embeddable":true,"href":"https:\/\/jesenik.casd.cz\/index.php?rest_route=%2Fwp%2Fv2%2Fcomments&post=910"}],"version-history":[{"count":6,"href":"https:\/\/jesenik.casd.cz\/index.php?rest_route=\/wp\/v2\/posts\/910\/revisions"}],"predecessor-version":[{"id":946,"href":"https:\/\/jesenik.casd.cz\/index.php?rest_route=\/wp\/v2\/posts\/910\/revisions\/946"}],"wp:featuredmedia":[{"embeddable":true,"href":"https:\/\/jesenik.casd.cz\/index.php?rest_route=\/wp\/v2\/media\/925"}],"wp:attachment":[{"href":"https:\/\/jesenik.casd.cz\/index.php?rest_route=%2Fwp%2Fv2%2Fmedia&parent=910"}],"wp:term":[{"taxonomy":"category","embeddable":true,"href":"https:\/\/jesenik.casd.cz\/index.php?rest_route=%2Fwp%2Fv2%2Fcategories&post=910"},{"taxonomy":"post_tag","embeddable":true,"href":"https:\/\/jesenik.casd.cz\/index.php?rest_route=%2Fwp%2Fv2%2Ftags&post=910"}],"curies":[{"name":"wp","href":"https:\/\/api.w.org\/{rel}","templated":true}]}}