{"id":912,"date":"2015-01-25T15:56:15","date_gmt":"2015-01-25T14:56:15","guid":{"rendered":"http:\/\/jesenik.casd.cz\/?p=912"},"modified":"2015-01-30T19:49:02","modified_gmt":"2015-01-30T18:49:02","slug":"vers-pro-rok-2015-mladez","status":"publish","type":"post","link":"https:\/\/jesenik.casd.cz\/?p=912","title":{"rendered":"Ver\u0161 pro rok 2015 \u2013 ml\u00e1de\u017e"},"content":{"rendered":"<p><strong>Biblick\u00fd ver\u0161 pro rok 2015 pro na\u0161i ml\u00e1de\u017e byl vybr\u00e1n z knihy \u017dalm\u016f:<br \/>\n<\/strong><\/p>\n<p><strong><em>\u017dalm 69,7\u00a0 <\/em><\/strong><em>&#8222;Kv\u016fli mn\u011b v\u0161ak a\u0165 se nemusej\u00ed hanbit, kdo slo\u017eili svou nad\u011bji v Tebe, Panovn\u00edku, Hospodine z\u00e1stup\u016f, a<\/em><em>\u0165<\/em><em> kv\u016fli mn\u011b se nemusej\u00ed styd\u011bt ti, kdo T\u011b hledaj\u00ed, Bo\u017ee Izraele!&#8220;<\/em><\/p>\n<p>Slovo kazatele Jana Majera k tomuto ver\u0161i:<\/p>\n<p>I kdy\u017e se sna\u017e\u00edme konat Bo\u017e\u00ed v\u016fli, st\u00e1le d\u011bl\u00e1me chyby. Proste jako David, aby va\u0161e moudr\u00e9 jedn\u00e1n\u00ed a omyly neubl\u00ed\u017eily druh\u00fdm lidem ve v\u00ed\u0159e. Mlad\u00fd \u010dlov\u011bk m\u00e1 pr\u00e1vo na omyl, ale mus\u00ed se i z\u00a0n\u011bho pou\u010dit. Modlete se, aby kv\u016fli va\u0161im chyb\u00e1m a h\u0159\u00edch\u016fm nebyli zahanbeni ti, kte\u0159\u00ed\u00a0 v\u00a0 Bohu slo\u017eili svou nad\u011bji. Nebu\u010f pro druh\u00e9 \u00a0pohor\u0161en\u00edm. Bu\u010f na pozoru, mo\u017en\u00e1, \u017ee n\u011bkte\u0159\u00ed napodobuj\u00ed tv\u016fj styl \u017eivota. Jsi jim dobr\u00fdm p\u0159\u00edkladem?<\/p>\n<p><img loading=\"lazy\" decoding=\"async\" class=\"alignnone size-large wp-image-684\" src=\"http:\/\/jesenik.casd.cz\/wp-content\/uploads\/2014\/10\/020-1024x768.jpg\" alt=\"020\" width=\"700\" height=\"525\" srcset=\"https:\/\/jesenik.casd.cz\/wp-content\/uploads\/2014\/10\/020-1024x768.jpg 1024w, https:\/\/jesenik.casd.cz\/wp-content\/uploads\/2014\/10\/020-300x225.jpg 300w\" sizes=\"auto, (max-width: 700px) 100vw, 700px\" \/><\/p>\n<p>&nbsp;<\/p>\n<p><em>\u00a0<\/em><\/p>\n","protected":false},"excerpt":{"rendered":"<p>Biblick\u00fd ver\u0161 pro rok 2015 pro na\u0161i ml\u00e1de\u017e byl vybr\u00e1n z knihy \u017dalm\u016f: \u017dalm 69,7\u00a0 &#8222;Kv\u016fli mn\u011b v\u0161ak a\u0165 se nemusej\u00ed hanbit, kdo slo\u017eili svou nad\u011bji v Tebe, Panovn\u00edku, Hospodine z\u00e1stup\u016f, a\u0165 kv\u016fli mn\u011b se nemusej\u00ed styd\u011bt ti, kdo T\u011b &hellip; <a href=\"https:\/\/jesenik.casd.cz\/?p=912\">Cel\u00fd p\u0159\u00edsp\u011bvek <span class=\"meta-nav\">&rarr;<\/span><\/a><\/p>\n","protected":false},"author":1,"featured_media":684,"comment_status":"open","ping_status":"open","sticky":false,"template":"","format":"standard","meta":{"ngg_post_thumbnail":0,"footnotes":""},"categories":[6,1],"tags":[],"class_list":["post-912","post","type-post","status-publish","format-standard","has-post-thumbnail","hentry","category-mladez","category-nezarazene"],"_links":{"self":[{"href":"https:\/\/jesenik.casd.cz\/index.php?rest_route=\/wp\/v2\/posts\/912","targetHints":{"allow":["GET"]}}],"collection":[{"href":"https:\/\/jesenik.casd.cz\/index.php?rest_route=\/wp\/v2\/posts"}],"about":[{"href":"https:\/\/jesenik.casd.cz\/index.php?rest_route=\/wp\/v2\/types\/post"}],"author":[{"embeddable":true,"href":"https:\/\/jesenik.casd.cz\/index.php?rest_route=\/wp\/v2\/users\/1"}],"replies":[{"embeddable":true,"href":"https:\/\/jesenik.casd.cz\/index.php?rest_route=%2Fwp%2Fv2%2Fcomments&post=912"}],"version-history":[{"count":5,"href":"https:\/\/jesenik.casd.cz\/index.php?rest_route=\/wp\/v2\/posts\/912\/revisions"}],"predecessor-version":[{"id":949,"href":"https:\/\/jesenik.casd.cz\/index.php?rest_route=\/wp\/v2\/posts\/912\/revisions\/949"}],"wp:featuredmedia":[{"embeddable":true,"href":"https:\/\/jesenik.casd.cz\/index.php?rest_route=\/wp\/v2\/media\/684"}],"wp:attachment":[{"href":"https:\/\/jesenik.casd.cz\/index.php?rest_route=%2Fwp%2Fv2%2Fmedia&parent=912"}],"wp:term":[{"taxonomy":"category","embeddable":true,"href":"https:\/\/jesenik.casd.cz\/index.php?rest_route=%2Fwp%2Fv2%2Fcategories&post=912"},{"taxonomy":"post_tag","embeddable":true,"href":"https:\/\/jesenik.casd.cz\/index.php?rest_route=%2Fwp%2Fv2%2Ftags&post=912"}],"curies":[{"name":"wp","href":"https:\/\/api.w.org\/{rel}","templated":true}]}}