{"id":914,"date":"2015-01-25T15:45:13","date_gmt":"2015-01-25T14:45:13","guid":{"rendered":"http:\/\/jesenik.casd.cz\/?p=914"},"modified":"2015-01-30T19:46:47","modified_gmt":"2015-01-30T18:46:47","slug":"vers-pro-rok-2015-deti","status":"publish","type":"post","link":"https:\/\/jesenik.casd.cz\/?p=914","title":{"rendered":"Ver\u0161 pro rok 2015 &#8211; d\u011bti"},"content":{"rendered":"<p><strong>D\u011bti dostaly pro pro svou motivaci v roce ver\u0161 z 1. knihy <em>Samuelovy 2,26:\u00a0 <\/em><\/strong><em><br \/>\n<\/em><\/p>\n<p><em>\u00a0&#8222;Ml\u00e1dene\u010dek Samuel v\u0161ak prosp\u00edval a byl obl\u00edben u Hospodina i u lid\u00ed.&#8220;<\/em><\/p>\n<p>Kazatel Jan Majer k tomuto ver\u0161i d\u011btem vzkazuje:\u00a0I kdy\u017e jste je\u0161t\u011b mlad\u00ed, p\u0159esto v\u00e1s m\u016f\u017ee Hospodin pova\u017eovat za sv\u00e9 pomocn\u00edky. M\u016f\u017eete Bohu slou\u017eit stejn\u011b \u00fa\u010dinn\u011b jako dosp\u011bl\u00ed. B\u016fh si neklade \u017e\u00e1dn\u00e9 v\u011bkov\u00e9 limity, pou\u017eije kohokoli z\u00a0v\u00e1s, kdo je ochoten u\u010dit se od n\u011bho a slou\u017eit mu. Proto my dosp\u011bl\u00ed nem\u00e1me pohrdat va\u0161\u00ed v\u00edrou a nem\u00e1me odm\u00edtat va\u0161i slu\u017ebu Bohu. Hospodin si v\u00e1s m\u016f\u017ee obl\u00edbit. Stejn\u011b tak i mi dosp\u011bl\u00ed.<\/p>\n<p>&nbsp;<\/p>\n<p><img loading=\"lazy\" decoding=\"async\" class=\"alignnone size-large wp-image-882\" src=\"http:\/\/jesenik.casd.cz\/wp-content\/uploads\/2015\/01\/IMG_8555-1024x768.jpg\" alt=\"IMG_8555\" width=\"700\" height=\"525\" srcset=\"https:\/\/jesenik.casd.cz\/wp-content\/uploads\/2015\/01\/IMG_8555-1024x768.jpg 1024w, https:\/\/jesenik.casd.cz\/wp-content\/uploads\/2015\/01\/IMG_8555-300x225.jpg 300w\" sizes=\"auto, (max-width: 700px) 100vw, 700px\" \/><\/p>\n<p><strong><br \/>\n<\/strong><\/p>\n<p>&nbsp;<\/p>\n","protected":false},"excerpt":{"rendered":"<p>D\u011bti dostaly pro pro svou motivaci v roce ver\u0161 z 1. knihy Samuelovy 2,26:\u00a0 \u00a0&#8222;Ml\u00e1dene\u010dek Samuel v\u0161ak prosp\u00edval a byl obl\u00edben u Hospodina i u lid\u00ed.&#8220; Kazatel Jan Majer k tomuto ver\u0161i d\u011btem vzkazuje:\u00a0I kdy\u017e jste je\u0161t\u011b mlad\u00ed, p\u0159esto v\u00e1s &hellip; <a href=\"https:\/\/jesenik.casd.cz\/?p=914\">Cel\u00fd p\u0159\u00edsp\u011bvek <span class=\"meta-nav\">&rarr;<\/span><\/a><\/p>\n","protected":false},"author":1,"featured_media":882,"comment_status":"open","ping_status":"open","sticky":false,"template":"","format":"standard","meta":{"ngg_post_thumbnail":0,"footnotes":""},"categories":[7,1],"tags":[],"class_list":["post-914","post","type-post","status-publish","format-standard","has-post-thumbnail","hentry","category-deti","category-nezarazene"],"_links":{"self":[{"href":"https:\/\/jesenik.casd.cz\/index.php?rest_route=\/wp\/v2\/posts\/914","targetHints":{"allow":["GET"]}}],"collection":[{"href":"https:\/\/jesenik.casd.cz\/index.php?rest_route=\/wp\/v2\/posts"}],"about":[{"href":"https:\/\/jesenik.casd.cz\/index.php?rest_route=\/wp\/v2\/types\/post"}],"author":[{"embeddable":true,"href":"https:\/\/jesenik.casd.cz\/index.php?rest_route=\/wp\/v2\/users\/1"}],"replies":[{"embeddable":true,"href":"https:\/\/jesenik.casd.cz\/index.php?rest_route=%2Fwp%2Fv2%2Fcomments&post=914"}],"version-history":[{"count":5,"href":"https:\/\/jesenik.casd.cz\/index.php?rest_route=\/wp\/v2\/posts\/914\/revisions"}],"predecessor-version":[{"id":947,"href":"https:\/\/jesenik.casd.cz\/index.php?rest_route=\/wp\/v2\/posts\/914\/revisions\/947"}],"wp:featuredmedia":[{"embeddable":true,"href":"https:\/\/jesenik.casd.cz\/index.php?rest_route=\/wp\/v2\/media\/882"}],"wp:attachment":[{"href":"https:\/\/jesenik.casd.cz\/index.php?rest_route=%2Fwp%2Fv2%2Fmedia&parent=914"}],"wp:term":[{"taxonomy":"category","embeddable":true,"href":"https:\/\/jesenik.casd.cz\/index.php?rest_route=%2Fwp%2Fv2%2Fcategories&post=914"},{"taxonomy":"post_tag","embeddable":true,"href":"https:\/\/jesenik.casd.cz\/index.php?rest_route=%2Fwp%2Fv2%2Ftags&post=914"}],"curies":[{"name":"wp","href":"https:\/\/api.w.org\/{rel}","templated":true}]}}