{"id":968,"date":"2015-02-21T21:42:24","date_gmt":"2015-02-21T20:42:24","guid":{"rendered":"http:\/\/jesenik.casd.cz\/?p=968"},"modified":"2015-05-04T21:17:30","modified_gmt":"2015-05-04T19:17:30","slug":"bratr-alois-kubik","status":"publish","type":"post","link":"https:\/\/jesenik.casd.cz\/?p=968","title":{"rendered":"Bratr Alois Kub\u00edk"},"content":{"rendered":"<p>Na ofici\u00e1ln\u00edch str\u00e1nk\u00e1ch na\u0161\u00ed c\u00edrkve\u00a0<a href=\"http:\/\/www.casd.cz\/lekar-alois-kubik-cestnym-obcanem-jeseniku\/\" target=\"_blank\">http:\/\/www.casd.cz<\/a>\u00a0byl zve\u0159ejn\u011bn v t\u011bchto dnech \u010dl\u00e1nek s n\u00e1zvem <strong>&#8222;L\u00e9ka\u0159 Alois Kub\u00edk \u010destn\u00fdm ob\u010danem Jesen\u00edku&#8220;.\u00a0<\/strong><\/p>\n<p>Je pro n\u00e1s velkou radost\u00ed, \u017ee bylo bratru Aloisu Kub\u00edkovi\u00a019. \u00fanora 2015 ud\u011bleno radou m\u011bsta Jesen\u00edk \u010destn\u00e9 ob\u010danstv\u00ed. Slavnostn\u00ed p\u0159ed\u00e1n\u00ed tohoto titulu se pl\u00e1nuje na prvn\u00ed b\u0159eznov\u00fd den.<\/p>\n<p>P\u0159e\u010dt\u011bte si o jeho pr\u00e1ci tento \u010dl\u00e1nek: \u00a0<a href=\"http:\/\/sumpersky.denik.cz\/zpravy_region\/byvalemu-primari-lazni-chce-jesenik-udelit-cestne-obcanstvi-20150209.html\" target=\"_blank\">http:\/\/sumpersky.denik.cz\/zpravy_region\/byvalemu-primari-lazni-chce-jesenik-udelit-cestne-obcanstvi-20150209.html<\/a><\/p>\n<p>Batr Kub\u00edk pracoval dlouh\u00e1 l\u00e9ta jako prim\u00e1\u0159 Priessnitzov\u00fdch l\u00e1zn\u00ed. V\u017edy pracoval s pln\u00fdm nasazen\u00edm a jeho pr\u00e1ce byla pro l\u00e1zn\u011b velk\u00fdm p\u0159\u00ednosem. A co o sv\u00e9 pr\u00e1ci a jej\u00edm ocen\u011bn\u00ed \u0159\u00edk\u00e1 on s\u00e1m?\u00a0<strong>\u201c<em>Kdy\u017e m\u011bl Priessnitz dostat nejvy\u0161\u0161\u00ed vyznamen\u00e1n\u00ed od samotn\u00e9ho c\u00edsa\u0159e, zlatou medaili za sv\u00e9 objevy ve vodol\u00e9\u010db\u011b, poznamenal, \u017ee t\u00edm, co l\u00e9\u010d\u00ed, je voda, a on \u017ee je u toho jen n\u00e1strojem Ducha Bo\u017e\u00edho. C\u00edt\u00edm to stejn\u011b.\u201d<\/em>\u00a0<\/strong><\/p>\n<p>V dosp\u00edv\u00e1n\u00ed pro\u017eil s\u00e1m uzdraven\u00ed jako Bo\u017e\u00ed z\u00e1zrak a nau\u010dil se ve v\u0161em na Boha spol\u00e9hat a tak\u00e9 Boha z vd\u011b\u010dnosti oslavovat a slou\u017eit Mu. P\u0159e\u010dt\u011bte si o tom v\u00edce na:\u00a0<a href=\"http:\/\/www.casd.cz\/lekar-alois-kubik-cestnym-obcanem-jeseniku\/\" target=\"_blank\">http:\/\/www.casd.cz\/lekar-alois-kubik-cestnym-obcanem-jeseniku\/<\/a><\/p>\n<p>Jsme vd\u011b\u010dni za to, \u017ee je se svou \u017eenou Ani\u010dkou sou\u010d\u00e1st\u00ed na\u0161\u00ed sborov\u00e9 rodiny a p\u0159ejeme jim, a\u0165 je P\u00e1n st\u00e1le prov\u00e1z\u00ed a \u017eehn\u00e1.<\/p>\n<p><img loading=\"lazy\" decoding=\"async\" class=\"alignnone size-large wp-image-969\" src=\"http:\/\/jesenik.casd.cz\/wp-content\/uploads\/2015\/02\/Kub\u00edk-589x1024.jpg\" alt=\"OLYMPUS DIGITAL CAMERA\" width=\"589\" height=\"1024\" srcset=\"https:\/\/jesenik.casd.cz\/wp-content\/uploads\/2015\/02\/Kub\u00edk-589x1024.jpg 589w, https:\/\/jesenik.casd.cz\/wp-content\/uploads\/2015\/02\/Kub\u00edk-172x300.jpg 172w, https:\/\/jesenik.casd.cz\/wp-content\/uploads\/2015\/02\/Kub\u00edk.jpg 1716w\" sizes=\"auto, (max-width: 589px) 100vw, 589px\" \/><\/p>\n","protected":false},"excerpt":{"rendered":"<p>Na ofici\u00e1ln\u00edch str\u00e1nk\u00e1ch na\u0161\u00ed c\u00edrkve\u00a0http:\/\/www.casd.cz\u00a0byl zve\u0159ejn\u011bn v t\u011bchto dnech \u010dl\u00e1nek s n\u00e1zvem &#8222;L\u00e9ka\u0159 Alois Kub\u00edk \u010destn\u00fdm ob\u010danem Jesen\u00edku&#8220;.\u00a0 Je pro n\u00e1s velkou radost\u00ed, \u017ee bylo bratru Aloisu Kub\u00edkovi\u00a019. \u00fanora 2015 ud\u011bleno radou m\u011bsta Jesen\u00edk \u010destn\u00e9 ob\u010danstv\u00ed. Slavnostn\u00ed p\u0159ed\u00e1n\u00ed tohoto titulu &hellip; <a href=\"https:\/\/jesenik.casd.cz\/?p=968\">Cel\u00fd p\u0159\u00edsp\u011bvek <span class=\"meta-nav\">&rarr;<\/span><\/a><\/p>\n","protected":false},"author":1,"featured_media":972,"comment_status":"open","ping_status":"open","sticky":false,"template":"","format":"standard","meta":{"ngg_post_thumbnail":0,"footnotes":""},"categories":[1],"tags":[],"class_list":["post-968","post","type-post","status-publish","format-standard","has-post-thumbnail","hentry","category-nezarazene"],"_links":{"self":[{"href":"https:\/\/jesenik.casd.cz\/index.php?rest_route=\/wp\/v2\/posts\/968","targetHints":{"allow":["GET"]}}],"collection":[{"href":"https:\/\/jesenik.casd.cz\/index.php?rest_route=\/wp\/v2\/posts"}],"about":[{"href":"https:\/\/jesenik.casd.cz\/index.php?rest_route=\/wp\/v2\/types\/post"}],"author":[{"embeddable":true,"href":"https:\/\/jesenik.casd.cz\/index.php?rest_route=\/wp\/v2\/users\/1"}],"replies":[{"embeddable":true,"href":"https:\/\/jesenik.casd.cz\/index.php?rest_route=%2Fwp%2Fv2%2Fcomments&post=968"}],"version-history":[{"count":2,"href":"https:\/\/jesenik.casd.cz\/index.php?rest_route=\/wp\/v2\/posts\/968\/revisions"}],"predecessor-version":[{"id":974,"href":"https:\/\/jesenik.casd.cz\/index.php?rest_route=\/wp\/v2\/posts\/968\/revisions\/974"}],"wp:featuredmedia":[{"embeddable":true,"href":"https:\/\/jesenik.casd.cz\/index.php?rest_route=\/wp\/v2\/media\/972"}],"wp:attachment":[{"href":"https:\/\/jesenik.casd.cz\/index.php?rest_route=%2Fwp%2Fv2%2Fmedia&parent=968"}],"wp:term":[{"taxonomy":"category","embeddable":true,"href":"https:\/\/jesenik.casd.cz\/index.php?rest_route=%2Fwp%2Fv2%2Fcategories&post=968"},{"taxonomy":"post_tag","embeddable":true,"href":"https:\/\/jesenik.casd.cz\/index.php?rest_route=%2Fwp%2Fv2%2Ftags&post=968"}],"curies":[{"name":"wp","href":"https:\/\/api.w.org\/{rel}","templated":true}]}}