{"id":976,"date":"2015-02-22T08:54:06","date_gmt":"2015-02-22T07:54:06","guid":{"rendered":"http:\/\/jesenik.casd.cz\/?p=976"},"modified":"2015-02-22T08:54:06","modified_gmt":"2015-02-22T07:54:06","slug":"plan-akci-mladeze","status":"publish","type":"post","link":"https:\/\/jesenik.casd.cz\/?p=976","title":{"rendered":"Pl\u00e1n akc\u00ed ml\u00e1de\u017ee"},"content":{"rendered":"<p>V n\u00e1sleduj\u00edc\u00edch dvou dokumentech pro sta\u017een\u00ed jsou akce ml\u00e1de\u017ee a d\u011bt\u00ed v tomto kalend\u00e1\u0159n\u00edm roce.<\/p>\n<p>&nbsp;<\/p>\n<p>P\u0159ejeme si, aby spole\u010dn\u00e1 setk\u00e1v\u00e1n\u00ed byla napln\u011bna radost\u00ed ze spole\u010denstv\u00ed s kamar\u00e1dy i na\u0161im Bohem.<\/p>\n<p>Pl\u00e1ny si m\u016f\u017eete st\u00e1hnout zde:\u00a0<a href=\"http:\/\/jesenik.casd.cz\/wp-content\/uploads\/2015\/02\/ml\u00e1de\u017e-pl\u00e1n-v-r\u00e1mci-MSS.xls\">ml\u00e1de\u017e pl\u00e1n v r\u00e1mci MSS<\/a><\/p>\n<p><img loading=\"lazy\" decoding=\"async\" class=\"alignnone size-full wp-image-979\" src=\"http:\/\/jesenik.casd.cz\/wp-content\/uploads\/2015\/02\/Pl\u00e1n-akc\u00ed-a-setk\u00e1n\u00ed-ml\u00e1de\u017ee-\u010cesk\u00e9ho-sdru\u017een\u00ed-2015.jpg\" alt=\"Pl\u00e1n akc\u00ed a setk\u00e1n\u00ed ml\u00e1de\u017ee \u010cesk\u00e9ho sdru\u017een\u00ed 2015\" width=\"493\" height=\"700\" srcset=\"https:\/\/jesenik.casd.cz\/wp-content\/uploads\/2015\/02\/Pl\u00e1n-akc\u00ed-a-setk\u00e1n\u00ed-ml\u00e1de\u017ee-\u010cesk\u00e9ho-sdru\u017een\u00ed-2015.jpg 493w, https:\/\/jesenik.casd.cz\/wp-content\/uploads\/2015\/02\/Pl\u00e1n-akc\u00ed-a-setk\u00e1n\u00ed-ml\u00e1de\u017ee-\u010cesk\u00e9ho-sdru\u017een\u00ed-2015-211x300.jpg 211w\" sizes=\"auto, (max-width: 493px) 100vw, 493px\" \/><\/p>\n","protected":false},"excerpt":{"rendered":"<p>V n\u00e1sleduj\u00edc\u00edch dvou dokumentech pro sta\u017een\u00ed jsou akce ml\u00e1de\u017ee a d\u011bt\u00ed v tomto kalend\u00e1\u0159n\u00edm roce. &nbsp; P\u0159ejeme si, aby spole\u010dn\u00e1 setk\u00e1v\u00e1n\u00ed byla napln\u011bna radost\u00ed ze spole\u010denstv\u00ed s kamar\u00e1dy i na\u0161im Bohem. Pl\u00e1ny si m\u016f\u017eete st\u00e1hnout zde:\u00a0ml\u00e1de\u017e pl\u00e1n v r\u00e1mci MSS<\/p>\n","protected":false},"author":1,"featured_media":0,"comment_status":"open","ping_status":"open","sticky":false,"template":"","format":"standard","meta":{"ngg_post_thumbnail":0,"footnotes":""},"categories":[6],"tags":[],"class_list":["post-976","post","type-post","status-publish","format-standard","hentry","category-mladez"],"_links":{"self":[{"href":"https:\/\/jesenik.casd.cz\/index.php?rest_route=\/wp\/v2\/posts\/976","targetHints":{"allow":["GET"]}}],"collection":[{"href":"https:\/\/jesenik.casd.cz\/index.php?rest_route=\/wp\/v2\/posts"}],"about":[{"href":"https:\/\/jesenik.casd.cz\/index.php?rest_route=\/wp\/v2\/types\/post"}],"author":[{"embeddable":true,"href":"https:\/\/jesenik.casd.cz\/index.php?rest_route=\/wp\/v2\/users\/1"}],"replies":[{"embeddable":true,"href":"https:\/\/jesenik.casd.cz\/index.php?rest_route=%2Fwp%2Fv2%2Fcomments&post=976"}],"version-history":[{"count":1,"href":"https:\/\/jesenik.casd.cz\/index.php?rest_route=\/wp\/v2\/posts\/976\/revisions"}],"predecessor-version":[{"id":981,"href":"https:\/\/jesenik.casd.cz\/index.php?rest_route=\/wp\/v2\/posts\/976\/revisions\/981"}],"wp:attachment":[{"href":"https:\/\/jesenik.casd.cz\/index.php?rest_route=%2Fwp%2Fv2%2Fmedia&parent=976"}],"wp:term":[{"taxonomy":"category","embeddable":true,"href":"https:\/\/jesenik.casd.cz\/index.php?rest_route=%2Fwp%2Fv2%2Fcategories&post=976"},{"taxonomy":"post_tag","embeddable":true,"href":"https:\/\/jesenik.casd.cz\/index.php?rest_route=%2Fwp%2Fv2%2Ftags&post=976"}],"curies":[{"name":"wp","href":"https:\/\/api.w.org\/{rel}","templated":true}]}}